{"id":45377,"date":"2018-03-27T07:34:09","date_gmt":"2018-03-27T10:34:09","guid":{"rendered":"http:\/\/caririemacao.com\/1\/?p=45377"},"modified":"2018-03-27T07:34:09","modified_gmt":"2018-03-27T10:34:09","slug":"pagamento-do-ipva-de-marco-deve-ser-feito-ate-esta-quarta-feira-28","status":"publish","type":"post","link":"https:\/\/www.caririemacao.com\/1\/2018\/03\/27\/pagamento-do-ipva-de-marco-deve-ser-feito-ate-esta-quarta-feira-28\/","title":{"rendered":"Pagamento do IPVA de mar\u00e7o deve ser feito at\u00e9 esta quarta-feira (28),"},"content":{"rendered":"<div class=\"mc-column content-text active-extra-styles active-capital-letter\" data-block-type=\"unstyled\" data-block-weight=\"42\" data-block-id=\"2\">\n<p class=\"content-text__container theme-color-primary-first-letter\" data-track-category=\"Link no Texto\" data-track-links=\"\">O prazo final para pagamento do Imposto Sobre a Propriedade de Ve\u00edculos Automotores (IPVA), para os ve\u00edculos de placa final 3, \u00e9 antecipado e deve ser realizado at\u00e9 esta quarta-feira (28), na Para\u00edba. O motivo \u00e9 o feriado banc\u00e1rio da Semana Santa.<\/p>\n<\/div>\n<div class=\"mc-column content-text active-extra-styles \" data-block-type=\"unstyled\" data-block-weight=\"57\" data-block-id=\"3\">\n<p class=\"content-text__container \" data-track-category=\"Link no Texto\" data-track-links=\"\">Al\u00e9m disso, a mesma data limite vale para aqueles que solicitaram a isen\u00e7\u00e3o do pagamento e que devem comparecer \u00e0 reparti\u00e7\u00e3o fiscal mais pr\u00f3xima de sua resid\u00eancia, para realizar a comprova\u00e7\u00e3o dos documentos e ter direito ao benef\u00edcio. Os que escolheram parcelar o pagamento do imposto devem tamb\u00e9m pagar a parcela deste m\u00eas at\u00e9 o dia 28.<\/p>\n<\/div>\n<div class=\"mc-column content-text active-extra-styles \" data-block-type=\"unstyled\" data-block-weight=\"63\" data-block-id=\"4\">\n<p class=\"content-text__container \" data-track-category=\"Link no Texto\" data-track-links=\"\">As categorias como taxistas; portadores de defici\u00eancia; ve\u00edculos cadastrados no Minist\u00e9rio do Turismo, na qualidade de transporte tur\u00edstico; motofretistas; e motoboys at\u00e9 150 cilindradas, de placa final 2, que solicitaram no ano passado a isen\u00e7\u00e3o do IPVA, precisam, agora, comprovar com documenta\u00e7\u00e3o at\u00e9 esta mesma data para ter o direito em 2018. Nesse mesmo dia, j\u00e1 \u00e9 poss\u00edvel solicitar a isen\u00e7\u00e3o de 2019.<\/p>\n<\/div>\n<div class=\"mc-column content-text active-extra-styles\" data-block-type=\"raw\" data-block-weight=\"5\" data-block-id=\"5\">\n<div class=\"content-intertitle\">\n<h2>Emiss\u00e3o dos boletos e pagamento<\/h2>\n<\/div>\n<\/div>\n<div class=\"mc-column content-text active-extra-styles \" data-block-type=\"unstyled\" data-block-weight=\"56\" data-block-id=\"6\">\n<p class=\"content-text__container \" data-track-category=\"Link no Texto\" data-track-links=\"\">O m\u00e9todo de emiss\u00e3o de boletos para o pagamento do Imposto sobre a Propriedade de Ve\u00edculos Automotores (IPVA) e do licenciamento do Detran-PB teve mudan\u00e7as em 2017 e passou a ser feita apenas de forma online.\u00a0O calend\u00e1rio com as datas dos pagamentos foi divulgado no dia 11 de dezembro de 2017, no Di\u00e1rio Oficial Eletr\u00f4nico.<\/p>\n<\/div>\n<div class=\"mc-column content-text active-extra-styles \" data-block-type=\"unstyled\" data-block-weight=\"56\" data-block-id=\"7\">\n<p class=\"content-text__container \" data-track-category=\"Link no Texto\" data-track-links=\"\">O boleto do IPVA pode ser emitido no site da Receita Federal. Ao acessar o link, \u00e9 necess\u00e1rio que o propriet\u00e1rio informe o n\u00famero do CPF ou CNPJ, a placa e o Renavam do ve\u00edculo e inserir um c\u00f3digo de seguran\u00e7a. Ao clicar em \u201cAvan\u00e7ar\u201d, \u00e9 poss\u00edvel visualizar o boleto e realizar a impress\u00e3o do documento.<\/p>\n<\/div>\n<div data-track-category=\"fim do conteudo\" data-track-action=\"ultimo chunk conteudo\" data-track-noninteraction=\"false\" data-track-scroll=\"entrada completa viewport\">\n<div class=\"mc-column content-text active-extra-styles \" data-block-type=\"unstyled\" data-block-weight=\"42\" data-block-id=\"8\">\n<p class=\"content-text__container \" data-track-category=\"Link no Texto\" data-track-links=\"\">O contribuinte tem tr\u00eas op\u00e7\u00f5es de pagamento do IPVA. Al\u00e9m da cota \u00fanica \u00e0 vista com desconto de 10%, as outras duas alternativas s\u00e3o o parcelamento em tr\u00eas vezes do tributo ou pagamento total ao final do terceiro m\u00eas, sem o desconto.<\/p>\n<p><strong>CARIRI EM A\u00c7\u00c3O<\/strong><\/p>\n<p><em>Com G1\/Foto: Reprodu\u00e7\u00e3o Internet\u00a0<\/em><\/p>\n<p><strong>Leia mais not\u00edcias em\u00a0<\/strong><a href=\"http:\/\/www.caririemacao.com\/\"><strong>caririemacao.com<\/strong><\/a><strong>, siga nossa p\u00e1gina no\u00a0<\/strong><a href=\"https:\/\/www.facebook.com\/CaririEmAcao\/?ref=aymt_homepage_panel\"><strong>Facebook<\/strong><\/a>,<strong>\u00a0<\/strong><a href=\"https:\/\/www.instagram.com\/cariri_em_acao\/?hl=pt-br\"><strong>Instagram<\/strong><\/a><strong>\u00a0e\u00a0<\/strong><a href=\"https:\/\/www.youtube.com\/channel\/UCAptA0jQuYQy8vMhLt2m4qg\"><strong>Youtube<\/strong><\/a><strong>\u00a0e veja nossas mat\u00e9rias, v\u00eddeos e fotos. Voc\u00ea tamb\u00e9m pode enviar informa\u00e7\u00f5es \u00e0 Reda\u00e7\u00e3o do Portal Cariri em A\u00e7\u00e3o pelo WhatsApp (83) 9 9634.5791, (83) 9 9601-1162.<\/strong><\/p>\n<\/div>\n<\/div>\n","protected":false},"excerpt":{"rendered":"<p>O prazo final para pagamento do Imposto Sobre a Propriedade de Ve\u00edculos Automotores (IPVA), para os ve\u00edculos de placa final 3, \u00e9 antecipado e deve&hellip; <\/p>\n","protected":false},"author":2,"featured_media":10882,"comment_status":"closed","ping_status":"closed","sticky":false,"template":"","format":"standard","meta":{"sfsi_plus_gutenberg_text_before_share":"","sfsi_plus_gutenberg_show_text_before_share":"","sfsi_plus_gutenberg_icon_type":"","sfsi_plus_gutenberg_icon_alignemt":"","sfsi_plus_gutenburg_max_per_row":"","footnotes":""},"categories":[2],"tags":[],"class_list":["post-45377","post","type-post","status-publish","format-standard","has-post-thumbnail","hentry","category-geral"],"_links":{"self":[{"href":"https:\/\/www.caririemacao.com\/1\/wp-json\/wp\/v2\/posts\/45377","targetHints":{"allow":["GET"]}}],"collection":[{"href":"https:\/\/www.caririemacao.com\/1\/wp-json\/wp\/v2\/posts"}],"about":[{"href":"https:\/\/www.caririemacao.com\/1\/wp-json\/wp\/v2\/types\/post"}],"author":[{"embeddable":true,"href":"https:\/\/www.caririemacao.com\/1\/wp-json\/wp\/v2\/users\/2"}],"replies":[{"embeddable":true,"href":"https:\/\/www.caririemacao.com\/1\/wp-json\/wp\/v2\/comments?post=45377"}],"version-history":[{"count":0,"href":"https:\/\/www.caririemacao.com\/1\/wp-json\/wp\/v2\/posts\/45377\/revisions"}],"wp:featuredmedia":[{"embeddable":true,"href":"https:\/\/www.caririemacao.com\/1\/wp-json\/wp\/v2\/media\/10882"}],"wp:attachment":[{"href":"https:\/\/www.caririemacao.com\/1\/wp-json\/wp\/v2\/media?parent=45377"}],"wp:term":[{"taxonomy":"category","embeddable":true,"href":"https:\/\/www.caririemacao.com\/1\/wp-json\/wp\/v2\/categories?post=45377"},{"taxonomy":"post_tag","embeddable":true,"href":"https:\/\/www.caririemacao.com\/1\/wp-json\/wp\/v2\/tags?post=45377"}],"curies":[{"name":"wp","href":"https:\/\/api.w.org\/{rel}","templated":true}]}}