{"id":45385,"date":"2018-03-27T07:47:42","date_gmt":"2018-03-27T10:47:42","guid":{"rendered":"http:\/\/caririemacao.com\/1\/?p=45385"},"modified":"2018-03-27T07:47:42","modified_gmt":"2018-03-27T10:47:42","slug":"oab-pb-realiza-palestra-em-sume-sobre-conscientizacao-da-violencia-domestica","status":"publish","type":"post","link":"https:\/\/www.caririemacao.com\/1\/2018\/03\/27\/oab-pb-realiza-palestra-em-sume-sobre-conscientizacao-da-violencia-domestica\/","title":{"rendered":"OAB-PB realiza palestra em Sum\u00e9 sobre Conscientiza\u00e7\u00e3o da Viol\u00eancia Dom\u00e9stica"},"content":{"rendered":"<article>Ainda para homenagear as mulheres em seu m\u00eas, a Ordem dos Advogados do Brasil, Seccional Para\u00edba (OAB-PB) juntamente com a prefeitura Municipal de Sum\u00e9 promoveram, na tarde da \u00faltima sexta-feira (23), um bate-papo com a sociedade sumeense sobre a \u201cConscientiza\u00e7\u00e3o da Viol\u00eancia Dom\u00e9stica\u201d.<\/article>\n<article>\n<div class=\"contentPost\">\n<p>O audit\u00f3rio cedido pela Secretaria de A\u00e7\u00e3o Social do munic\u00edpio lotou sua capacidade, com a grande maioria sendo mulheres da zona rural, que puderam contar com a disponibiliza\u00e7\u00e3o de transporte para ida e volta de suas casas.<\/p>\n<p>A presidente da Comiss\u00e3o de Combate \u00e0 Viol\u00eancia contra a Mulher da OAB-PB, Katiele Marques, especialista pela FESMIP no assunto, conduziu a palestra de forma popular e carism\u00e1tica, em uma tarde produtiva de muita informa\u00e7\u00e3o e relatos emocionantes.<\/p>\n<p>A representante da OAB na regi\u00e3o do Cariri, Taua Domiciano, destacou que o evento foi integralmente gratuito e aberto a popula\u00e7\u00e3o e teve como objetivo atingir o prop\u00f3sito social da Ordem.<\/p>\n<p>Al\u00e9m de Taua Domiciano, o evento foi organizado pelas advogadas Lorena Caiaffo, da Comiss\u00e3o da Mulher, Dra Edilaine, da Comiss\u00e3o de Ensinos Jur\u00eddicos, e pela secret\u00e1ria de A\u00e7\u00e3o Social de Sum\u00e9, Tanniery L\u00eala.<\/p>\n<p>\u201cA descontra\u00e7\u00e3o ficou por parte de uma pequena confraterniza\u00e7\u00e3o em forma de coffee break oferecido ao final, assim como sorteio de v\u00e1rios itens de beleza, inclusive cupons de vale sal\u00e3o para as ganhadoras\u201d, comentou Taua Domiciano.<\/p>\n<p><a href=\"http:\/\/caririemacao.com\/1\/?attachment_id=45387\" rel=\"attachment wp-att-45387\"><img fetchpriority=\"high\" decoding=\"async\" class=\"aligncenter size-full wp-image-45387\" src=\"http:\/\/caririemacao.com\/1\/wp-content\/uploads\/2018\/03\/FILE-20180325-17196Q2XSUNS4CLW.jpg\" alt=\"\" width=\"960\" height=\"656\" srcset=\"https:\/\/www.caririemacao.com\/1\/wp-content\/uploads\/2018\/03\/FILE-20180325-17196Q2XSUNS4CLW.jpg 960w, https:\/\/www.caririemacao.com\/1\/wp-content\/uploads\/2018\/03\/FILE-20180325-17196Q2XSUNS4CLW-300x205.jpg 300w, https:\/\/www.caririemacao.com\/1\/wp-content\/uploads\/2018\/03\/FILE-20180325-17196Q2XSUNS4CLW-768x525.jpg 768w, https:\/\/www.caririemacao.com\/1\/wp-content\/uploads\/2018\/03\/FILE-20180325-17196Q2XSUNS4CLW-130x90.jpg 130w\" sizes=\"(max-width: 960px) 100vw, 960px\" \/><\/a><\/p>\n<p><strong>CARIRI EM A\u00c7\u00c3O<\/strong><\/p>\n<p><em>Com OAB Para\u00edba<\/em><em>\/Foto:\u00a0OAB Para\u00edba<\/em><\/p>\n<p><strong>Leia mais not\u00edcias em\u00a0<\/strong><a href=\"http:\/\/www.caririemacao.com\/\"><strong>caririemacao.com<\/strong><\/a><strong>, siga nossa p\u00e1gina no\u00a0<\/strong><a href=\"https:\/\/www.facebook.com\/CaririEmAcao\/?ref=aymt_homepage_panel\"><strong>Facebook<\/strong><\/a>,<strong>\u00a0<\/strong><a href=\"https:\/\/www.instagram.com\/cariri_em_acao\/?hl=pt-br\"><strong>Instagram<\/strong><\/a><strong>\u00a0e\u00a0<\/strong><a href=\"https:\/\/www.youtube.com\/channel\/UCAptA0jQuYQy8vMhLt2m4qg\"><strong>Youtube<\/strong><\/a><strong>\u00a0e veja nossas mat\u00e9rias, v\u00eddeos e fotos. Voc\u00ea tamb\u00e9m pode enviar informa\u00e7\u00f5es \u00e0 Reda\u00e7\u00e3o do Portal Cariri em A\u00e7\u00e3o pelo WhatsApp (83) 9 9634.5791, (83) 9 9601-1162.<\/strong><\/p>\n<\/div>\n<\/article>\n","protected":false},"excerpt":{"rendered":"<p>Ainda para homenagear as mulheres em seu m\u00eas, a Ordem dos Advogados do Brasil, Seccional Para\u00edba (OAB-PB) juntamente com a prefeitura Municipal de Sum\u00e9 promoveram,&hellip; <\/p>\n","protected":false},"author":2,"featured_media":45386,"comment_status":"closed","ping_status":"closed","sticky":false,"template":"","format":"standard","meta":{"sfsi_plus_gutenberg_text_before_share":"","sfsi_plus_gutenberg_show_text_before_share":"","sfsi_plus_gutenberg_icon_type":"","sfsi_plus_gutenberg_icon_alignemt":"","sfsi_plus_gutenburg_max_per_row":"","footnotes":""},"categories":[6],"tags":[],"class_list":["post-45385","post","type-post","status-publish","format-standard","has-post-thumbnail","hentry","category-cidades"],"_links":{"self":[{"href":"https:\/\/www.caririemacao.com\/1\/wp-json\/wp\/v2\/posts\/45385","targetHints":{"allow":["GET"]}}],"collection":[{"href":"https:\/\/www.caririemacao.com\/1\/wp-json\/wp\/v2\/posts"}],"about":[{"href":"https:\/\/www.caririemacao.com\/1\/wp-json\/wp\/v2\/types\/post"}],"author":[{"embeddable":true,"href":"https:\/\/www.caririemacao.com\/1\/wp-json\/wp\/v2\/users\/2"}],"replies":[{"embeddable":true,"href":"https:\/\/www.caririemacao.com\/1\/wp-json\/wp\/v2\/comments?post=45385"}],"version-history":[{"count":0,"href":"https:\/\/www.caririemacao.com\/1\/wp-json\/wp\/v2\/posts\/45385\/revisions"}],"wp:featuredmedia":[{"embeddable":true,"href":"https:\/\/www.caririemacao.com\/1\/wp-json\/wp\/v2\/media\/45386"}],"wp:attachment":[{"href":"https:\/\/www.caririemacao.com\/1\/wp-json\/wp\/v2\/media?parent=45385"}],"wp:term":[{"taxonomy":"category","embeddable":true,"href":"https:\/\/www.caririemacao.com\/1\/wp-json\/wp\/v2\/categories?post=45385"},{"taxonomy":"post_tag","embeddable":true,"href":"https:\/\/www.caririemacao.com\/1\/wp-json\/wp\/v2\/tags?post=45385"}],"curies":[{"name":"wp","href":"https:\/\/api.w.org\/{rel}","templated":true}]}}