{"id":45389,"date":"2018-03-27T06:54:03","date_gmt":"2018-03-27T09:54:03","guid":{"rendered":"http:\/\/caririemacao.com\/1\/?p=45389"},"modified":"2018-03-27T08:17:22","modified_gmt":"2018-03-27T11:17:22","slug":"em-nota-a-sociedade-fisco-justifica-greve-geral-por-tempo-indeterminado-na-paraiba","status":"publish","type":"post","link":"https:\/\/www.caririemacao.com\/1\/2018\/03\/27\/em-nota-a-sociedade-fisco-justifica-greve-geral-por-tempo-indeterminado-na-paraiba\/","title":{"rendered":"Em nota \u00e0 sociedade, Fisco justifica greve geral por tempo indeterminado na Para\u00edba"},"content":{"rendered":"<p><em>Ao longo de 07 (sete) anos, o Fisco paraibano e seus dedicados servidores tentam, arduamente, sermos recebidos pelo governo do Exm\u00ba Sr. Governador Ricardo Coutinho, no intuito de firmar a parceria exitosa\u00a0<\/em><em>que sempre existiu entre o Fisco e Governo do Estado.<\/em><\/p>\n<p><em>Of\u00edcios ap\u00f3s of\u00edcios, fomos reiteradamente ignorados, quando n\u00e3o mesmo destratados e at\u00e9 caluniados, ainda assim mantivemos nossa fun\u00e7\u00e3o com orgulho, afinco e responsabilidade.<\/em><\/p>\n<p><em>No transcorrer desses anos, ocorreu o fechamento de diversas reparti\u00e7\u00f5es fiscais. A estrutura f\u00edsica da Secretaria de Estado da Receita tem se deteriorado, seja pela obsolesc\u00eancia dos sistemas eletr\u00f4nicos,<\/em><br \/>\n<em>sejam pr\u00e9dios em colapso estrutural, culminando com telefones que s\u00e3o desligados sem aviso pr\u00e9vio, reiteramos, ainda assim mantivemos nossa fun\u00e7\u00e3o com orgulho, afinco e responsabilidade.<\/em><\/p>\n<p><em>Apesar da falta de suporte, descaso e mesmo desd\u00e9m por parte do Governo, o Fisco paraibano alcan\u00e7ou com sua dedica\u00e7\u00e3o um incremento de 109% nas receitas pr\u00f3prias do Estado.<\/em><\/p>\n<p><em>Contudo, nem mesmo os resultados vitoriosos dos Servidores Fiscais foram capazes de sensibilizar o Exm\u00ba Sr. Governador para recuperarmos as perdas inflacion\u00e1rias de mais de 41%.<\/em><\/p>\n<p><em>Os Servidores Fiscais fomos pacientes, mesmo sendo desvalorizados; dedicados, mesmo sendo ignorados; e eficientes, mesmo com a ampla defasagem salarial.<\/em><\/p>\n<p><em>As auditoras e os auditores fiscais n\u00e3o brigamos por mero aumento salarial, como alguns tentam simplificar, mas por di\u00e1logo, respeito, infraestrutura e por reposi\u00e7\u00e3o de perdas inflacion\u00e1rias que, atualmente, d\u00e3o ao Fisco paraibano o pior sal\u00e1rio dentre os fiscais do Brasil.<\/em><\/p>\n<p><em>Na condi\u00e7\u00e3o de agentes de transforma\u00e7\u00e3o social, estamos sempre abertos ao dialogo, com intuito de contribuir para a constru\u00e7\u00e3o de uma Para\u00edba cada vez melhor para os cidad\u00e3os.<\/em><\/p>\n<p><strong>CARIRI EM A\u00c7\u00c3O<\/strong><\/p>\n<p><em>Com Para\u00edba R\u00e1dio Blog \/Foto: Reprodu\u00e7\u00e3o Internet\u00a0<\/em><\/p>\n<p><strong>Leia mais not\u00edcias em\u00a0<\/strong><a href=\"http:\/\/www.caririemacao.com\/\"><strong>caririemacao.com<\/strong><\/a><strong>, siga nossa p\u00e1gina no\u00a0<\/strong><a href=\"https:\/\/www.facebook.com\/CaririEmAcao\/?ref=aymt_homepage_panel\"><strong>Facebook<\/strong><\/a>,<strong>\u00a0<\/strong><a href=\"https:\/\/www.instagram.com\/cariri_em_acao\/?hl=pt-br\"><strong>Instagram<\/strong><\/a><strong>\u00a0e\u00a0<\/strong><a href=\"https:\/\/www.youtube.com\/channel\/UCAptA0jQuYQy8vMhLt2m4qg\"><strong>Youtube<\/strong><\/a><strong>\u00a0e veja nossas mat\u00e9rias, v\u00eddeos e fotos. Voc\u00ea tamb\u00e9m pode enviar informa\u00e7\u00f5es \u00e0 Reda\u00e7\u00e3o do Portal Cariri em A\u00e7\u00e3o pelo WhatsApp (83) 9 9634.5791, (83) 9 9601-1162.<\/strong><\/p>\n","protected":false},"excerpt":{"rendered":"<p>Ao longo de 07 (sete) anos, o Fisco paraibano e seus dedicados servidores tentam, arduamente, sermos recebidos pelo governo do Exm\u00ba Sr. Governador Ricardo Coutinho,&hellip; <\/p>\n","protected":false},"author":2,"featured_media":45390,"comment_status":"closed","ping_status":"closed","sticky":false,"template":"","format":"standard","meta":{"sfsi_plus_gutenberg_text_before_share":"","sfsi_plus_gutenberg_show_text_before_share":"","sfsi_plus_gutenberg_icon_type":"","sfsi_plus_gutenberg_icon_alignemt":"","sfsi_plus_gutenburg_max_per_row":"","footnotes":""},"categories":[2],"tags":[],"class_list":["post-45389","post","type-post","status-publish","format-standard","has-post-thumbnail","hentry","category-geral"],"_links":{"self":[{"href":"https:\/\/www.caririemacao.com\/1\/wp-json\/wp\/v2\/posts\/45389","targetHints":{"allow":["GET"]}}],"collection":[{"href":"https:\/\/www.caririemacao.com\/1\/wp-json\/wp\/v2\/posts"}],"about":[{"href":"https:\/\/www.caririemacao.com\/1\/wp-json\/wp\/v2\/types\/post"}],"author":[{"embeddable":true,"href":"https:\/\/www.caririemacao.com\/1\/wp-json\/wp\/v2\/users\/2"}],"replies":[{"embeddable":true,"href":"https:\/\/www.caririemacao.com\/1\/wp-json\/wp\/v2\/comments?post=45389"}],"version-history":[{"count":0,"href":"https:\/\/www.caririemacao.com\/1\/wp-json\/wp\/v2\/posts\/45389\/revisions"}],"wp:featuredmedia":[{"embeddable":true,"href":"https:\/\/www.caririemacao.com\/1\/wp-json\/wp\/v2\/media\/45390"}],"wp:attachment":[{"href":"https:\/\/www.caririemacao.com\/1\/wp-json\/wp\/v2\/media?parent=45389"}],"wp:term":[{"taxonomy":"category","embeddable":true,"href":"https:\/\/www.caririemacao.com\/1\/wp-json\/wp\/v2\/categories?post=45389"},{"taxonomy":"post_tag","embeddable":true,"href":"https:\/\/www.caririemacao.com\/1\/wp-json\/wp\/v2\/tags?post=45389"}],"curies":[{"name":"wp","href":"https:\/\/api.w.org\/{rel}","templated":true}]}}