{"id":45399,"date":"2018-03-27T08:12:58","date_gmt":"2018-03-27T11:12:58","guid":{"rendered":"http:\/\/caririemacao.com\/1\/?p=45399"},"modified":"2018-03-27T08:12:58","modified_gmt":"2018-03-27T11:12:58","slug":"multidao-ataca-caminhao-na-br-e-leva-cerca-de-duas-mil-cervejas","status":"publish","type":"post","link":"https:\/\/www.caririemacao.com\/1\/2018\/03\/27\/multidao-ataca-caminhao-na-br-e-leva-cerca-de-duas-mil-cervejas\/","title":{"rendered":"Multid\u00e3o ataca caminh\u00e3o na BR e leva cerca de duas mil cervejas"},"content":{"rendered":"<p>Um caminh\u00e3o foi atacado por mais de sessenta pessoas na noite de segunda-feira (26) na BR-230, pr\u00f3ximo ao bairro dos Novais, em Jo\u00e3o Pessoa. Cerca de duas mil unidades de cerveja foram roubadas.<\/p>\n<p>De acordo com o condutor do ve\u00edculo, o caminh\u00e3o teve problemas com o combust\u00edvel e ele precisou parar. Com a ajuda de uma outra pessoa, deixou o ve\u00edculo no acostamento da BR e foi at\u00e9 um posto de combust\u00edvel comprar diesel para abastecer. Ao retornar, o motorista ainda precisou ir novamente ao posto pegar mais combust\u00edvel.<\/p>\n<p>Cerca de vinte minutos depois, o condutor voltou no local onde o caminh\u00e3o estava, se deparou com uma multid\u00e3o saqueando a carga. Mais de duas mil cervejas foram roubadas. O motorista iria apenas passar a noite em Jo\u00e3o Pessoa, e logo depois seguiria viagem.<\/p>\n<p>A Pol\u00edcia Rodovi\u00e1ria Federal e a Pol\u00edcia Militar chegaram ao local e a maioria dos envolvidos conseguiram fugir. Tr\u00eas adolescentes e um homem foram detidos.<\/p>\n<p><strong>CARIRI EM A\u00c7\u00c3O<\/strong><\/p>\n<p><em>Com\u00a0 Mais PB\/Foto: Reprodu\u00e7\u00e3o Internet\u00a0<\/em><\/p>\n<p><strong>Leia mais not\u00edcias em\u00a0<\/strong><a href=\"http:\/\/www.caririemacao.com\/\"><strong>caririemacao.com<\/strong><\/a><strong>, siga nossa p\u00e1gina no\u00a0<\/strong><a href=\"https:\/\/www.facebook.com\/CaririEmAcao\/?ref=aymt_homepage_panel\"><strong>Facebook<\/strong><\/a>,<strong>\u00a0<\/strong><a href=\"https:\/\/www.instagram.com\/cariri_em_acao\/?hl=pt-br\"><strong>Instagram<\/strong><\/a><strong>\u00a0e\u00a0<\/strong><a href=\"https:\/\/www.youtube.com\/channel\/UCAptA0jQuYQy8vMhLt2m4qg\"><strong>Youtube<\/strong><\/a><strong>\u00a0e veja nossas mat\u00e9rias, v\u00eddeos e fotos. Voc\u00ea tamb\u00e9m pode enviar informa\u00e7\u00f5es \u00e0 Reda\u00e7\u00e3o do Portal Cariri em A\u00e7\u00e3o pelo WhatsApp (83) 9 9634.5791, (83) 9 9601-1162.<\/strong><\/p>\n","protected":false},"excerpt":{"rendered":"<p>Um caminh\u00e3o foi atacado por mais de sessenta pessoas na noite de segunda-feira (26) na BR-230, pr\u00f3ximo ao bairro dos Novais, em Jo\u00e3o Pessoa. Cerca&hellip; <\/p>\n","protected":false},"author":2,"featured_media":39138,"comment_status":"closed","ping_status":"closed","sticky":false,"template":"","format":"standard","meta":{"sfsi_plus_gutenberg_text_before_share":"","sfsi_plus_gutenberg_show_text_before_share":"","sfsi_plus_gutenberg_icon_type":"","sfsi_plus_gutenberg_icon_alignemt":"","sfsi_plus_gutenburg_max_per_row":"","footnotes":""},"categories":[12],"tags":[],"class_list":["post-45399","post","type-post","status-publish","format-standard","has-post-thumbnail","hentry","category-policia"],"_links":{"self":[{"href":"https:\/\/www.caririemacao.com\/1\/wp-json\/wp\/v2\/posts\/45399","targetHints":{"allow":["GET"]}}],"collection":[{"href":"https:\/\/www.caririemacao.com\/1\/wp-json\/wp\/v2\/posts"}],"about":[{"href":"https:\/\/www.caririemacao.com\/1\/wp-json\/wp\/v2\/types\/post"}],"author":[{"embeddable":true,"href":"https:\/\/www.caririemacao.com\/1\/wp-json\/wp\/v2\/users\/2"}],"replies":[{"embeddable":true,"href":"https:\/\/www.caririemacao.com\/1\/wp-json\/wp\/v2\/comments?post=45399"}],"version-history":[{"count":0,"href":"https:\/\/www.caririemacao.com\/1\/wp-json\/wp\/v2\/posts\/45399\/revisions"}],"wp:featuredmedia":[{"embeddable":true,"href":"https:\/\/www.caririemacao.com\/1\/wp-json\/wp\/v2\/media\/39138"}],"wp:attachment":[{"href":"https:\/\/www.caririemacao.com\/1\/wp-json\/wp\/v2\/media?parent=45399"}],"wp:term":[{"taxonomy":"category","embeddable":true,"href":"https:\/\/www.caririemacao.com\/1\/wp-json\/wp\/v2\/categories?post=45399"},{"taxonomy":"post_tag","embeddable":true,"href":"https:\/\/www.caririemacao.com\/1\/wp-json\/wp\/v2\/tags?post=45399"}],"curies":[{"name":"wp","href":"https:\/\/api.w.org\/{rel}","templated":true}]}}