{"id":45401,"date":"2018-03-27T08:19:55","date_gmt":"2018-03-27T11:19:55","guid":{"rendered":"http:\/\/caririemacao.com\/1\/?p=45401"},"modified":"2018-03-27T08:19:55","modified_gmt":"2018-03-27T11:19:55","slug":"concurso-da-policia-militar-e-do-corpo-de-bombeiros-da-pb-tem-mudanca-no-edital","status":"publish","type":"post","link":"https:\/\/www.caririemacao.com\/1\/2018\/03\/27\/concurso-da-policia-militar-e-do-corpo-de-bombeiros-da-pb-tem-mudanca-no-edital\/","title":{"rendered":"Concurso da Pol\u00edcia Militar e do Corpo de Bombeiros da PB tem mudan\u00e7a no edital"},"content":{"rendered":"<p>Um dia ap\u00f3s a abertura das inscri\u00e7\u00f5es, foram divulgadas mudan\u00e7as no edital do concurso p\u00fablico da Pol\u00edcia Militar e do Corpo de Bombeiros da Para\u00edba. A disciplina L\u00edngua Estrangeira foi exclu\u00edda do conte\u00fado program\u00e1tico da sele\u00e7\u00e3o. A altera\u00e7\u00e3o foi publicada no Di\u00e1rio Oficial do Estado desta ter\u00e7a-feira (27). O concurso oferece mil vagas vagas, distribu\u00eddas entre as duas corpora\u00e7\u00f5es.<\/p>\n<p>Inicialmente, estava previsto que o exame intelectual do concurso teria 10 quest\u00f5es de L\u00edngua Estrangeira, Ingl\u00eas ou Espanhol. Com a exclus\u00e3o, a aumentaram a quantidade de quest\u00f5es de L\u00edngua Portuguesa, que pulou de 15 para 20, e de No\u00e7\u00f5es de Direito e Sociologia, que foi de 25 para 30.<\/p>\n<p>As inscri\u00e7\u00f5es para o concurso come\u00e7aram na segunda-feira (26) e seguem at\u00e9 o dia 9 de abril.\u00a0\u00a0Os interessados devem acessar o site da organizadora. A taxa \u00e9 de R$ 70,00.<\/p>\n<p>S\u00e3o 900 vagas para soldados da Pol\u00edcia Militar e 100, para soldados do Corpo de Bombeiros. As vagas s\u00e3o destinadas a candidatos do sexo masculino e do sexo feminino. O n\u00edvel de ensino cobrado na sele\u00e7\u00e3o \u00e9 o m\u00e9dio.<\/p>\n<p>Entre os requisitos m\u00ednimos exigidos dos candidatos est\u00e3o a de ter altura de 1,65 metros para candidatos do sexo masculino e 1,60 metros para candidatos do sexo feminino. Al\u00e9m disso o candidato deve ter entre 18 anos e 32 anos de idade no ano da matr\u00edcula no curso de forma\u00e7\u00e3o.<\/p>\n<p>A remunera\u00e7\u00e3o, para ambos os cargos, \u00e9 de um sal\u00e1rio m\u00ednimo vigente acrescida de aux\u00edlio alimenta\u00e7\u00e3o durante o Curso de Forma\u00e7\u00e3o. Ap\u00f3s a conclus\u00e3o do curso, a remunera\u00e7\u00e3o passa a ser R$ 3.202,60, que pode ser acrescido pelo adicional por Plant\u00e3o Extra Remunerado at\u00e9 o valor de R$ 1.319,76.<\/p>\n<p><strong>Sele\u00e7\u00e3o<\/strong><\/p>\n<p>A sele\u00e7\u00e3o dos candidato ser\u00e1 feita em cinco etapas. A primeira de car\u00e1ter eliminat\u00f3rio e classificat\u00f3rio ser\u00e1 o exame intelectual. As seguintes fases possuem apenas o car\u00e1ter eliminat\u00f3rio e s\u00e3o: exame psicol\u00f3gico, exame de sa\u00fade, exame de aptid\u00e3o f\u00edsica e avalia\u00e7\u00e3o social, nesta ordem.<\/p>\n<p>O exame intelectual, de acordo com o edital, est\u00e1 previsto para ser aplicado no dia 29 de abril. A prova ser\u00e1 de 80 quest\u00f5es de m\u00faltipla escolha. Sendo 15 de l\u00edngua portuguesa, 10 de racioc\u00ednio l\u00f3gico, 10 de geografia e hist\u00f3ria da Para\u00edba, 10 de l\u00edngua estrangeira, 10 de no\u00e7\u00f5es b\u00e1sicas de inform\u00e1tica e 10 de no\u00e7\u00f5es de direito e sociologia.<\/p>\n<p>O exame de sa\u00fade, segundo o edital, tem por objetivo avaliar o estado geral de sa\u00fade, f\u00edsica e mental do candidato. Os exames cl\u00ednicos ser\u00e3o executados por comiss\u00e3o designada pelo Comandante-Geral da Pol\u00edcia Militar e consta dos seguintes exames: Biom\u00e9trico de Aferi\u00e7\u00e3o de Altura e M\u00e9dico-Odontol\u00f3gico Clinico, acuidade visual, acuidade auditiva e bucal. O exames laboratoriais dever\u00e3o ser feitos por responsabilidade do candidato e neles devem constar: radiografia do t\u00f3rax em PA, eletroencefalograma, teste ergom\u00e9trico, teste audiom\u00e9trico, escarro: pesquisa de BAAR, hemograma completo (inclusive contagem de plaquetas), ur\u00e9ia, creatinia, glicemia (em jejum), sorologia para chagas, VDRL, sorologia para Hepatite B e C, parasitol\u00f3gico de fezes, sum\u00e1rio de Urina e Exame toxicol\u00f3gico de larga janela de detec\u00e7\u00e3o.<\/p>\n<p>As informa\u00e7\u00f5es sobre o exame f\u00edsico, conte\u00fado program\u00e1tico do exame intelectual e demais informa\u00e7\u00f5es sobre o concurso podem ser consultados no edital do concurso p\u00fablico.<\/p>\n<p><strong>CARIRI EM A\u00c7\u00c3O<\/strong><\/p>\n<p><em>Com Jornal da Para\u00edba \/Foto: Reprodu\u00e7\u00e3o Internet\u00a0<\/em><\/p>\n<p><strong>Leia mais not\u00edcias em\u00a0<\/strong><a href=\"http:\/\/www.caririemacao.com\/\"><strong>caririemacao.com<\/strong><\/a><strong>, siga nossa p\u00e1gina no\u00a0<\/strong><a href=\"https:\/\/www.facebook.com\/CaririEmAcao\/?ref=aymt_homepage_panel\"><strong>Facebook<\/strong><\/a>,<strong>\u00a0<\/strong><a href=\"https:\/\/www.instagram.com\/cariri_em_acao\/?hl=pt-br\"><strong>Instagram<\/strong><\/a><strong>\u00a0e\u00a0<\/strong><a href=\"https:\/\/www.youtube.com\/channel\/UCAptA0jQuYQy8vMhLt2m4qg\"><strong>Youtube<\/strong><\/a><strong>\u00a0e veja nossas mat\u00e9rias, v\u00eddeos e fotos. Voc\u00ea tamb\u00e9m pode enviar informa\u00e7\u00f5es \u00e0 Reda\u00e7\u00e3o do Portal Cariri em A\u00e7\u00e3o pelo WhatsApp (83) 9 9634.5791, (83) 9 9601-1162.<\/strong><\/p>\n","protected":false},"excerpt":{"rendered":"<p>Um dia ap\u00f3s a abertura das inscri\u00e7\u00f5es, foram divulgadas mudan\u00e7as no edital do concurso p\u00fablico da Pol\u00edcia Militar e do Corpo de Bombeiros da Para\u00edba.&hellip; <\/p>\n","protected":false},"author":2,"featured_media":39464,"comment_status":"closed","ping_status":"closed","sticky":false,"template":"","format":"standard","meta":{"sfsi_plus_gutenberg_text_before_share":"","sfsi_plus_gutenberg_show_text_before_share":"","sfsi_plus_gutenberg_icon_type":"","sfsi_plus_gutenberg_icon_alignemt":"","sfsi_plus_gutenburg_max_per_row":"","footnotes":""},"categories":[2],"tags":[],"class_list":["post-45401","post","type-post","status-publish","format-standard","has-post-thumbnail","hentry","category-geral"],"_links":{"self":[{"href":"https:\/\/www.caririemacao.com\/1\/wp-json\/wp\/v2\/posts\/45401","targetHints":{"allow":["GET"]}}],"collection":[{"href":"https:\/\/www.caririemacao.com\/1\/wp-json\/wp\/v2\/posts"}],"about":[{"href":"https:\/\/www.caririemacao.com\/1\/wp-json\/wp\/v2\/types\/post"}],"author":[{"embeddable":true,"href":"https:\/\/www.caririemacao.com\/1\/wp-json\/wp\/v2\/users\/2"}],"replies":[{"embeddable":true,"href":"https:\/\/www.caririemacao.com\/1\/wp-json\/wp\/v2\/comments?post=45401"}],"version-history":[{"count":0,"href":"https:\/\/www.caririemacao.com\/1\/wp-json\/wp\/v2\/posts\/45401\/revisions"}],"wp:featuredmedia":[{"embeddable":true,"href":"https:\/\/www.caririemacao.com\/1\/wp-json\/wp\/v2\/media\/39464"}],"wp:attachment":[{"href":"https:\/\/www.caririemacao.com\/1\/wp-json\/wp\/v2\/media?parent=45401"}],"wp:term":[{"taxonomy":"category","embeddable":true,"href":"https:\/\/www.caririemacao.com\/1\/wp-json\/wp\/v2\/categories?post=45401"},{"taxonomy":"post_tag","embeddable":true,"href":"https:\/\/www.caririemacao.com\/1\/wp-json\/wp\/v2\/tags?post=45401"}],"curies":[{"name":"wp","href":"https:\/\/api.w.org\/{rel}","templated":true}]}}