{"id":45403,"date":"2018-03-27T08:23:36","date_gmt":"2018-03-27T11:23:36","guid":{"rendered":"http:\/\/caririemacao.com\/1\/?p=45403"},"modified":"2018-03-27T08:23:36","modified_gmt":"2018-03-27T11:23:36","slug":"ufcg-divulga-setima-lista-de-espera-na-ultima-segunda-feira","status":"publish","type":"post","link":"https:\/\/www.caririemacao.com\/1\/2018\/03\/27\/ufcg-divulga-setima-lista-de-espera-na-ultima-segunda-feira\/","title":{"rendered":"UFCG divulga s\u00e9tima lista de espera na \u00faltima segunda-feira"},"content":{"rendered":"<p>Na \u00falyima segunda-feira (26), a Universidade Federal de Campina Grande (UFCG) divulgou a s\u00e9tima lista de chamada de candidatos da lista de espera, para o preenchimento de vagas remanescentes do Sistema de Sele\u00e7\u00e3o Unificada (Sisu) 2018.1. Foram convocados 69 candidatos.\u00a0Confira a s\u00e9tima lista de chamada da UFCG.<\/p>\n<p>Na terminologia oficial da UFCG, cadastramento e matr\u00edcula s\u00e3o procedimentos diferentes. O cadastramento \u00e9 o procedimento por meio do qual o candidato aprovado se torna aluno da UFCG. J\u00e1 a matr\u00edcula \u00e9 o procedimento por meio do qual o aluno define as disciplinas que ir\u00e1 cursar em cada per\u00edodo letivo.<\/p>\n<p>Devido ao feriado da pr\u00f3xima sexta-feira, dia 30, o cadastramento ser\u00e1 realizado nas pr\u00f3ximas quarta (28), e quinta (29), das 8h \u00e0s 11h e das 14h \u00e0s 17h, na coordena\u00e7\u00e3o do curso para qual o estudante foi classificado. O procedimento \u00e9 obrigat\u00f3rio para garantir a vaga na UFCG e dever\u00e1 ser feito presencialmente pelo candidato ou por procurador legalmente constitu\u00eddo para esse fim.<\/p>\n<p>J\u00e1 a matr\u00edcula em disciplinas dos alunos ingressantes tamb\u00e9m \u00e9 obrigat\u00f3ria e dever\u00e1 ser realizada no dia 3 de abril, na coordena\u00e7\u00e3o do curso para o qual foi selecionado. As aulas do Per\u00edodo 2018.1 ter\u00e3o in\u00edcio no dia 9 de abril.<\/p>\n<h4><strong>\u00daltima lista de chamada<\/strong><\/h4>\n<p>A oitava e \u00faltima lista de espera ser\u00e1 divulgada no dia 5 de abril. os candidatos ser\u00e3o convocados em at\u00e9 cinco vezes o n\u00famero de vagas remanescentes de cada curso, turno e demanda. A denomina\u00e7\u00e3o \u201cclassificado\u201d identificar\u00e1 o candidato convocado no limite das vagas dispon\u00edveis para cada curso, enquanto que a denomina\u00e7\u00e3o \u201csuplente\u201d identificar\u00e1 o candidato convocado al\u00e9m do limite de vagas ofertadas.<\/p>\n<p>Todos os candidatos convocados na oitava chamada (classificados e suplentes) dever\u00e3o se cadastrar nos dias 9 e 10 de abril. O n\u00e3o comparecimento ou n\u00e3o apresenta\u00e7\u00e3o da documenta\u00e7\u00e3o exigida implicar\u00e1 na perda do direito \u00e0 vaga. Por meio do cadastramento, os suplentes se tornar\u00e3o habilitados para concorrer \u00e0s vagas, ficando sua confirma\u00e7\u00e3o condicionada \u00e0 desist\u00eancia do candidato classificado ou desist\u00eancia de outros candidatos at\u00e9 \u00e0s 17h da ter\u00e7a-feira, dia 10, respeitando-se rigorosamente a ordem de classifica\u00e7\u00e3o no curso.<\/p>\n<p>A divulga\u00e7\u00e3o da rela\u00e7\u00e3o de suplentes cadastrados efetivamente vinculados \u00e0 UFCG ocorrer\u00e1 na quinta-feira, dia 12 de abril, com a matr\u00edcula acontecendo nos dias 16 e 17 de abril.<\/p>\n<p><strong>CARIRI EM A\u00c7\u00c3O<\/strong><\/p>\n<p><em>Com Jornal da Para\u00edba \/Foto: Reprodu\u00e7\u00e3o Internet<\/em><\/p>\n<p><strong>Leia mais not\u00edcias em\u00a0<\/strong><a href=\"http:\/\/www.caririemacao.com\/\"><strong>caririemacao.com<\/strong><\/a><strong>, siga nossa p\u00e1gina no\u00a0<\/strong><a href=\"https:\/\/www.facebook.com\/CaririEmAcao\/?ref=aymt_homepage_panel\"><strong>Facebook<\/strong><\/a>,<strong>\u00a0<\/strong><a href=\"https:\/\/www.instagram.com\/cariri_em_acao\/?hl=pt-br\"><strong>Instagram<\/strong><\/a><strong>\u00a0e\u00a0<\/strong><a href=\"https:\/\/www.youtube.com\/channel\/UCAptA0jQuYQy8vMhLt2m4qg\"><strong>Youtube<\/strong><\/a><strong>\u00a0e veja nossas mat\u00e9rias, v\u00eddeos e fotos. Voc\u00ea tamb\u00e9m pode enviar informa\u00e7\u00f5es \u00e0 Reda\u00e7\u00e3o do Portal Cariri em A\u00e7\u00e3o pelo WhatsApp (83) 9 9634.5791, (83) 9 9601-1162.<\/strong><\/p>\n","protected":false},"excerpt":{"rendered":"<p>Na \u00falyima segunda-feira (26), a Universidade Federal de Campina Grande (UFCG) divulgou a s\u00e9tima lista de chamada de candidatos da lista de espera, para o&hellip; <\/p>\n","protected":false},"author":2,"featured_media":45404,"comment_status":"closed","ping_status":"closed","sticky":false,"template":"","format":"standard","meta":{"sfsi_plus_gutenberg_text_before_share":"","sfsi_plus_gutenberg_show_text_before_share":"","sfsi_plus_gutenberg_icon_type":"","sfsi_plus_gutenberg_icon_alignemt":"","sfsi_plus_gutenburg_max_per_row":"","footnotes":""},"categories":[14],"tags":[],"class_list":["post-45403","post","type-post","status-publish","format-standard","has-post-thumbnail","hentry","category-educacao"],"_links":{"self":[{"href":"https:\/\/www.caririemacao.com\/1\/wp-json\/wp\/v2\/posts\/45403","targetHints":{"allow":["GET"]}}],"collection":[{"href":"https:\/\/www.caririemacao.com\/1\/wp-json\/wp\/v2\/posts"}],"about":[{"href":"https:\/\/www.caririemacao.com\/1\/wp-json\/wp\/v2\/types\/post"}],"author":[{"embeddable":true,"href":"https:\/\/www.caririemacao.com\/1\/wp-json\/wp\/v2\/users\/2"}],"replies":[{"embeddable":true,"href":"https:\/\/www.caririemacao.com\/1\/wp-json\/wp\/v2\/comments?post=45403"}],"version-history":[{"count":0,"href":"https:\/\/www.caririemacao.com\/1\/wp-json\/wp\/v2\/posts\/45403\/revisions"}],"wp:featuredmedia":[{"embeddable":true,"href":"https:\/\/www.caririemacao.com\/1\/wp-json\/wp\/v2\/media\/45404"}],"wp:attachment":[{"href":"https:\/\/www.caririemacao.com\/1\/wp-json\/wp\/v2\/media?parent=45403"}],"wp:term":[{"taxonomy":"category","embeddable":true,"href":"https:\/\/www.caririemacao.com\/1\/wp-json\/wp\/v2\/categories?post=45403"},{"taxonomy":"post_tag","embeddable":true,"href":"https:\/\/www.caririemacao.com\/1\/wp-json\/wp\/v2\/tags?post=45403"}],"curies":[{"name":"wp","href":"https:\/\/api.w.org\/{rel}","templated":true}]}}