{"id":45406,"date":"2018-03-27T08:28:41","date_gmt":"2018-03-27T11:28:41","guid":{"rendered":"http:\/\/caririemacao.com\/1\/?p=45406"},"modified":"2018-03-27T08:28:41","modified_gmt":"2018-03-27T11:28:41","slug":"moro-defende-pec-que-assegure-prisao-em-segunda-instancia","status":"publish","type":"post","link":"https:\/\/www.caririemacao.com\/1\/2018\/03\/27\/moro-defende-pec-que-assegure-prisao-em-segunda-instancia\/","title":{"rendered":"Moro defende PEC que assegure pris\u00e3o em segunda inst\u00e2ncia"},"content":{"rendered":"<p>Diante da expectativa de que o\u00a0Supremo Tribunal Federal\u00a0(STF) reverta a permiss\u00e3o para\u00a0pris\u00f5es ap\u00f3s a condena\u00e7\u00e3o em segunda inst\u00e2ncia, o juiz\u00a0Sergio Moro\u00a0defendeu uma alternativa legal para que n\u00e3o seja necess\u00e1rio esperar o fim de processos para executar penas: a aprova\u00e7\u00e3o de uma proposta de emenda \u00e0 Constitui\u00e7\u00e3o (PEC) que insira no texto o atual entendimento.<\/p>\n<p>\u201cTenho esperan\u00e7a de que o precedente n\u00e3o v\u00e1 ser alterado. Se o STF rever esse antecedente, temos de pensar em uma op\u00e7\u00e3o. Pode-se cobrar dos candidatos a presidente uma posi\u00e7\u00e3o sobre corrup\u00e7\u00e3o. Pode-se restabelecer a execu\u00e7\u00e3o de pena por emenda constitucional\u201d, disse o magistrado em entrevista ao\u00a0<em>Roda Viva<\/em>, da TV Cultura, completando que \u201cn\u00e3o se trataria de enfrentar o Supremo Tribunal Federal\u201d.<\/p>\n<p>Uma proposta do tipo est\u00e1 sendo articulada pelo l\u00edder do PPS na C\u00e2mara, o deputado Alex Manente (SP), mas \u00e9 considerada de dif\u00edcil aprova\u00e7\u00e3o na atual forma\u00e7\u00e3o do Congresso. Ainda sobre o tema, o juiz da Lava Jato avaliou que a revis\u00e3o do atual entendimento \u201cpassaria uma mensagem errada\u201d. \u201cPassaria uma mensagem no sentido de dar um passo atr\u00e1s\u201d, completou.<\/p>\n<p><strong>CARIRI EM A\u00c7\u00c3O<\/strong><\/p>\n<p><em>Com Veja\/Foto: Reprodu\u00e7\u00e3o Internet\u00a0<\/em><\/p>\n<p><strong>Leia mais not\u00edcias em\u00a0<\/strong><a href=\"http:\/\/www.caririemacao.com\/\"><strong>caririemacao.com<\/strong><\/a><strong>, siga nossa p\u00e1gina no\u00a0<\/strong><a href=\"https:\/\/www.facebook.com\/CaririEmAcao\/?ref=aymt_homepage_panel\"><strong>Facebook<\/strong><\/a>,<strong>\u00a0<\/strong><a href=\"https:\/\/www.instagram.com\/cariri_em_acao\/?hl=pt-br\"><strong>Instagram<\/strong><\/a><strong>\u00a0e\u00a0<\/strong><a href=\"https:\/\/www.youtube.com\/channel\/UCAptA0jQuYQy8vMhLt2m4qg\"><strong>Youtube<\/strong><\/a><strong>\u00a0e veja nossas mat\u00e9rias, v\u00eddeos e fotos. Voc\u00ea tamb\u00e9m pode enviar informa\u00e7\u00f5es \u00e0 Reda\u00e7\u00e3o do Portal Cariri em A\u00e7\u00e3o pelo WhatsApp (83) 9 9634.5791, (83) 9 9601-1162.<\/strong><\/p>\n","protected":false},"excerpt":{"rendered":"<p>Diante da expectativa de que o\u00a0Supremo Tribunal Federal\u00a0(STF) reverta a permiss\u00e3o para\u00a0pris\u00f5es ap\u00f3s a condena\u00e7\u00e3o em segunda inst\u00e2ncia, o juiz\u00a0Sergio Moro\u00a0defendeu uma alternativa legal para&hellip; <\/p>\n","protected":false},"author":2,"featured_media":45407,"comment_status":"closed","ping_status":"closed","sticky":false,"template":"","format":"standard","meta":{"sfsi_plus_gutenberg_text_before_share":"","sfsi_plus_gutenberg_show_text_before_share":"","sfsi_plus_gutenberg_icon_type":"","sfsi_plus_gutenberg_icon_alignemt":"","sfsi_plus_gutenburg_max_per_row":"","footnotes":""},"categories":[11],"tags":[],"class_list":["post-45406","post","type-post","status-publish","format-standard","has-post-thumbnail","hentry","category-politica"],"_links":{"self":[{"href":"https:\/\/www.caririemacao.com\/1\/wp-json\/wp\/v2\/posts\/45406","targetHints":{"allow":["GET"]}}],"collection":[{"href":"https:\/\/www.caririemacao.com\/1\/wp-json\/wp\/v2\/posts"}],"about":[{"href":"https:\/\/www.caririemacao.com\/1\/wp-json\/wp\/v2\/types\/post"}],"author":[{"embeddable":true,"href":"https:\/\/www.caririemacao.com\/1\/wp-json\/wp\/v2\/users\/2"}],"replies":[{"embeddable":true,"href":"https:\/\/www.caririemacao.com\/1\/wp-json\/wp\/v2\/comments?post=45406"}],"version-history":[{"count":0,"href":"https:\/\/www.caririemacao.com\/1\/wp-json\/wp\/v2\/posts\/45406\/revisions"}],"wp:featuredmedia":[{"embeddable":true,"href":"https:\/\/www.caririemacao.com\/1\/wp-json\/wp\/v2\/media\/45407"}],"wp:attachment":[{"href":"https:\/\/www.caririemacao.com\/1\/wp-json\/wp\/v2\/media?parent=45406"}],"wp:term":[{"taxonomy":"category","embeddable":true,"href":"https:\/\/www.caririemacao.com\/1\/wp-json\/wp\/v2\/categories?post=45406"},{"taxonomy":"post_tag","embeddable":true,"href":"https:\/\/www.caririemacao.com\/1\/wp-json\/wp\/v2\/tags?post=45406"}],"curies":[{"name":"wp","href":"https:\/\/api.w.org\/{rel}","templated":true}]}}