{"id":45409,"date":"2018-03-27T08:32:29","date_gmt":"2018-03-27T11:32:29","guid":{"rendered":"http:\/\/caririemacao.com\/1\/?p=45409"},"modified":"2018-03-27T08:32:29","modified_gmt":"2018-03-27T11:32:29","slug":"lula-e-bolsonaro-estarao-em-curitiba-amanha-protestos-sao-aguardados","status":"publish","type":"post","link":"https:\/\/www.caririemacao.com\/1\/2018\/03\/27\/lula-e-bolsonaro-estarao-em-curitiba-amanha-protestos-sao-aguardados\/","title":{"rendered":"Lula e Bolsonaro estar\u00e3o em Curitiba amanh\u00e3; protestos s\u00e3o aguardados"},"content":{"rendered":"<p><span class=\"news_capital_letter\">M<\/span>anifestantes programam para a pr\u00f3xima quarta-feira (28), em Curitiba (PR), atos a favor e contra o ex-presidente Luiz In\u00e1cio Lula da Silva, que encerra na cidade sua caravana pelo Sul do pa\u00eds.<\/p>\n<p>Pela manh\u00e3, o deputado Jair Bolsonaro (PSL) estar\u00e1 na capital paranaense de passagem, a caminho de um evento em Ponta Grossa (a 115 km). Apoiadores do presidenci\u00e1vel querem promover uma recep\u00e7\u00e3o a ele no aeroporto Afonso Pena, em S\u00e3o Jos\u00e9 dos Pinhais, \u00e0s 11h30, numa tentativa de contrapor a mobiliza\u00e7\u00e3o dos seguidores do petista.<\/p>\n<p>\u00c0s 15h30, o MBL (Movimento Brasil Livre) programa uma carreata em oposi\u00e7\u00e3o a Lula. A manifesta\u00e7\u00e3o deve sair do estacionamento do Parque Barigui e chegar \u00e0s 17h na pra\u00e7a 19 de Dezembro, no centro c\u00edvico. O local fica a menos de 1 km da pra\u00e7a Santos Andrade, onde apoiadores do ex-presidente ir\u00e3o se reunir no mesmo hor\u00e1rio.<\/p>\n<p>&#8220;A comunidade de Curitiba estar\u00e1 unida para mostrar que o maior zombador de nossa na\u00e7\u00e3o n\u00e3o \u00e9 bem vindo em nossa cidade&#8221;, diz o grupo em sua p\u00e1gina no Facebook.<\/p>\n<p>Lula escolheu a capital, s\u00edmbolo da Opera\u00e7\u00e3o Lava Jato, para encerrar uma caravana marcada por protestos contra ele, com conflitos entre manifestantes e bloqueios de rodovia. Nesse domingo (25), o \u00f4nibus do petista foi alvo de ovos e pedras.<\/p>\n<p>A Pol\u00edcia Militar do Paran\u00e1 afirma que o efetivo ser\u00e1 refor\u00e7ado para acompanhar as manifesta\u00e7\u00f5es, mas que n\u00fameros n\u00e3o ser\u00e3o divulgados.<\/p>\n<p>BOLSONARO<\/p>\n<p>Uma convoca\u00e7\u00e3o para o ato no aeroporto foi criada na internet pelo deputado federal paranaense Delegado Francischini (que \u00e9 aliado de Bolsonaro e est\u00e1 se filiando ao novo partido dele, o PSL). O evento no Facebook contava mais de 1.600 presen\u00e7as confirmadas at\u00e9 a tarde desta segunda-feira (26).<\/p>\n<p>Francischini, em v\u00eddeo publicado tamb\u00e9m na rede social, diz que o grupo quer lotar o aeroporto para pedir para todo o Brasil a pris\u00e3o de Lula. O parlamentar ser\u00e1 anfitri\u00e3o do pr\u00e9-candidato nos compromissos no estado.<\/p>\n<p>A previs\u00e3o \u00e9 que o presidenci\u00e1vel chegue a Ponta Grossa, onde haver\u00e1 uma passeata em apoio \u00e0 sua campanha ao Planalto, \u00e0s 16h30. Como a viagem de carro entre as duas cidades demora cerca de duas horas, Bolsonaro deve ficar pouco tempo em Curitiba.<\/p>\n<p>Segundo a assessoria de imprensa de Bolsonaro, ele desembarca no aeroporto e segue para Ponta Grossa. Ele n\u00e3o ter\u00e1 compromissos em Curitiba na quarta-feira nem ir\u00e1 a nenhum ato p\u00fablico.<\/p>\n<p>Entusiastas de Bolsonaro lideraram atos de rep\u00fadio ao ex-presidente em algumas das cidades por onde ele passou na caravana, iniciada no dia 19, no Rio Grande do Sul.<\/p>\n<p>O parlamentar, em v\u00eddeo postado na internet, diz cumprimentar o povo ga\u00facho pela recep\u00e7\u00e3o que deu a esse bandido, em suas palavras.<\/p>\n<p>Na mesma grava\u00e7\u00e3o, Bolsonaro menciona seu pouso em Curitiba e afirma: &#8220;Vamos ver quem mais leva o povo na rua, de gra\u00e7a. N\u00e3o estamos em campanha. Estamos andando pelo Brasil para mostrar que dessa vez a direita vai ser uma op\u00e7\u00e3o para o nosso Brasil&#8221;.<\/p>\n<p><strong>CARIRI EM A\u00c7\u00c3O<\/strong><\/p>\n<p><em>Com Folhapress\/Foto: Reprodu\u00e7\u00e3o Internet\u00a0<\/em><\/p>\n<p><strong>Leia mais not\u00edcias em\u00a0<\/strong><a href=\"http:\/\/www.caririemacao.com\/\"><strong>caririemacao.com<\/strong><\/a><strong>, siga nossa p\u00e1gina no\u00a0<\/strong><a href=\"https:\/\/www.facebook.com\/CaririEmAcao\/?ref=aymt_homepage_panel\"><strong>Facebook<\/strong><\/a>,<strong>\u00a0<\/strong><a href=\"https:\/\/www.instagram.com\/cariri_em_acao\/?hl=pt-br\"><strong>Instagram<\/strong><\/a><strong>\u00a0e\u00a0<\/strong><a href=\"https:\/\/www.youtube.com\/channel\/UCAptA0jQuYQy8vMhLt2m4qg\"><strong>Youtube<\/strong><\/a><strong>\u00a0e veja nossas mat\u00e9rias, v\u00eddeos e fotos. Voc\u00ea tamb\u00e9m pode enviar informa\u00e7\u00f5es \u00e0 Reda\u00e7\u00e3o do Portal Cariri em A\u00e7\u00e3o pelo WhatsApp (83) 9 9634.5791, (83) 9 9601-1162.<\/strong><\/p>\n","protected":false},"excerpt":{"rendered":"<p>Manifestantes programam para a pr\u00f3xima quarta-feira (28), em Curitiba (PR), atos a favor e contra o ex-presidente Luiz In\u00e1cio Lula da Silva, que encerra na&hellip; <\/p>\n","protected":false},"author":2,"featured_media":45410,"comment_status":"closed","ping_status":"closed","sticky":false,"template":"","format":"standard","meta":{"sfsi_plus_gutenberg_text_before_share":"","sfsi_plus_gutenberg_show_text_before_share":"","sfsi_plus_gutenberg_icon_type":"","sfsi_plus_gutenberg_icon_alignemt":"","sfsi_plus_gutenburg_max_per_row":"","footnotes":""},"categories":[11],"tags":[],"class_list":["post-45409","post","type-post","status-publish","format-standard","has-post-thumbnail","hentry","category-politica"],"_links":{"self":[{"href":"https:\/\/www.caririemacao.com\/1\/wp-json\/wp\/v2\/posts\/45409","targetHints":{"allow":["GET"]}}],"collection":[{"href":"https:\/\/www.caririemacao.com\/1\/wp-json\/wp\/v2\/posts"}],"about":[{"href":"https:\/\/www.caririemacao.com\/1\/wp-json\/wp\/v2\/types\/post"}],"author":[{"embeddable":true,"href":"https:\/\/www.caririemacao.com\/1\/wp-json\/wp\/v2\/users\/2"}],"replies":[{"embeddable":true,"href":"https:\/\/www.caririemacao.com\/1\/wp-json\/wp\/v2\/comments?post=45409"}],"version-history":[{"count":0,"href":"https:\/\/www.caririemacao.com\/1\/wp-json\/wp\/v2\/posts\/45409\/revisions"}],"wp:featuredmedia":[{"embeddable":true,"href":"https:\/\/www.caririemacao.com\/1\/wp-json\/wp\/v2\/media\/45410"}],"wp:attachment":[{"href":"https:\/\/www.caririemacao.com\/1\/wp-json\/wp\/v2\/media?parent=45409"}],"wp:term":[{"taxonomy":"category","embeddable":true,"href":"https:\/\/www.caririemacao.com\/1\/wp-json\/wp\/v2\/categories?post=45409"},{"taxonomy":"post_tag","embeddable":true,"href":"https:\/\/www.caririemacao.com\/1\/wp-json\/wp\/v2\/tags?post=45409"}],"curies":[{"name":"wp","href":"https:\/\/api.w.org\/{rel}","templated":true}]}}