{"id":45413,"date":"2018-03-27T08:36:34","date_gmt":"2018-03-27T11:36:34","guid":{"rendered":"http:\/\/caririemacao.com\/1\/?p=45413"},"modified":"2018-03-27T08:36:34","modified_gmt":"2018-03-27T11:36:34","slug":"prefeitura-de-s-s-do-umbuzeiro-vai-distribuir-peixes-na-semana-santa","status":"publish","type":"post","link":"https:\/\/www.caririemacao.com\/1\/2018\/03\/27\/prefeitura-de-s-s-do-umbuzeiro-vai-distribuir-peixes-na-semana-santa\/","title":{"rendered":"Prefeitura de S. S. do Umbuzeiro vai distribuir peixes na Semana Santa"},"content":{"rendered":"<p>A Prefeitura de S\u00e3o Sebasti\u00e3o do Umbuzeiro far\u00e1 a distribui\u00e7\u00e3o de peixes para as fam\u00edlias carentes do munic\u00edpio nesta quinta-feira, dia 29. A informa\u00e7\u00e3o foi confirmada pelo prefeito Adriano Wolff, que pelo segundo ano consecutivo, realiza a distribui\u00e7\u00e3o.<\/p>\n<p>O prefeito Adriano destacou a import\u00e2ncia do peixe na mesa das pessoas carentes na Semana Santa, que \u00e0s vezes n\u00e3o tem dinheiro para comprar. \u201cEstamos mais uma vez fazendo essa a\u00e7\u00e3o em S\u00e3o Sebasti\u00e3o do Umbuzeiro. O peixe na Semana Santa \u00e9 de suma import\u00e2ncia na mesa das fam\u00edlias, que \u00e0s vezes n\u00e3o tem condi\u00e7\u00f5es de comprar, e estamos aqui para ajudar a todos\u201d, disse.<\/p>\n<p>Na zona urbana, a distribui\u00e7\u00e3o para as fam\u00edlias carentes ocorrer\u00e1 no pr\u00e9dio da Casa da Cidadania, e na zona rural, os peixes ser\u00e3o entregues em todas as comunidades e associa\u00e7\u00f5es.<\/p>\n<p>\u201c\u00c9 compromisso de nossa gest\u00e3o que mais uma vez ser\u00e1 cumprindo, e me sinto feliz por ajudar as fam\u00edlias carentes do meu munic\u00edpio\u201d, finalizou o prefeito Adriano Wolff.<\/p>\n<p><strong>CARIRI EM A\u00c7\u00c3O<\/strong><\/p>\n<p><em>Com Blog do Didi<\/em><em>\/Foto:\u00a0Blog do Didi<\/em><\/p>\n<p><strong>Leia mais not\u00edcias em\u00a0<\/strong><a href=\"http:\/\/www.caririemacao.com\/\"><strong>caririemacao.com<\/strong><\/a><strong>, siga nossa p\u00e1gina no\u00a0<\/strong><a href=\"https:\/\/www.facebook.com\/CaririEmAcao\/?ref=aymt_homepage_panel\"><strong>Facebook<\/strong><\/a>,<strong>\u00a0<\/strong><a href=\"https:\/\/www.instagram.com\/cariri_em_acao\/?hl=pt-br\"><strong>Instagram<\/strong><\/a><strong>\u00a0e\u00a0<\/strong><a href=\"https:\/\/www.youtube.com\/channel\/UCAptA0jQuYQy8vMhLt2m4qg\"><strong>Youtube<\/strong><\/a><strong>\u00a0e veja nossas mat\u00e9rias, v\u00eddeos e fotos. Voc\u00ea tamb\u00e9m pode enviar informa\u00e7\u00f5es \u00e0 Reda\u00e7\u00e3o do Portal Cariri em A\u00e7\u00e3o pelo WhatsApp (83) 9 9634.5791, (83) 9 9601-1162.<\/strong><\/p>\n","protected":false},"excerpt":{"rendered":"<p>A Prefeitura de S\u00e3o Sebasti\u00e3o do Umbuzeiro far\u00e1 a distribui\u00e7\u00e3o de peixes para as fam\u00edlias carentes do munic\u00edpio nesta quinta-feira, dia 29. A informa\u00e7\u00e3o foi&hellip; <\/p>\n","protected":false},"author":2,"featured_media":45414,"comment_status":"closed","ping_status":"closed","sticky":false,"template":"","format":"standard","meta":{"sfsi_plus_gutenberg_text_before_share":"","sfsi_plus_gutenberg_show_text_before_share":"","sfsi_plus_gutenberg_icon_type":"","sfsi_plus_gutenberg_icon_alignemt":"","sfsi_plus_gutenburg_max_per_row":"","footnotes":""},"categories":[6],"tags":[],"class_list":["post-45413","post","type-post","status-publish","format-standard","has-post-thumbnail","hentry","category-cidades"],"_links":{"self":[{"href":"https:\/\/www.caririemacao.com\/1\/wp-json\/wp\/v2\/posts\/45413","targetHints":{"allow":["GET"]}}],"collection":[{"href":"https:\/\/www.caririemacao.com\/1\/wp-json\/wp\/v2\/posts"}],"about":[{"href":"https:\/\/www.caririemacao.com\/1\/wp-json\/wp\/v2\/types\/post"}],"author":[{"embeddable":true,"href":"https:\/\/www.caririemacao.com\/1\/wp-json\/wp\/v2\/users\/2"}],"replies":[{"embeddable":true,"href":"https:\/\/www.caririemacao.com\/1\/wp-json\/wp\/v2\/comments?post=45413"}],"version-history":[{"count":0,"href":"https:\/\/www.caririemacao.com\/1\/wp-json\/wp\/v2\/posts\/45413\/revisions"}],"wp:featuredmedia":[{"embeddable":true,"href":"https:\/\/www.caririemacao.com\/1\/wp-json\/wp\/v2\/media\/45414"}],"wp:attachment":[{"href":"https:\/\/www.caririemacao.com\/1\/wp-json\/wp\/v2\/media?parent=45413"}],"wp:term":[{"taxonomy":"category","embeddable":true,"href":"https:\/\/www.caririemacao.com\/1\/wp-json\/wp\/v2\/categories?post=45413"},{"taxonomy":"post_tag","embeddable":true,"href":"https:\/\/www.caririemacao.com\/1\/wp-json\/wp\/v2\/tags?post=45413"}],"curies":[{"name":"wp","href":"https:\/\/api.w.org\/{rel}","templated":true}]}}