{"id":45416,"date":"2018-03-27T06:39:46","date_gmt":"2018-03-27T09:39:46","guid":{"rendered":"http:\/\/caririemacao.com\/1\/?p=45416"},"modified":"2018-03-27T08:42:52","modified_gmt":"2018-03-27T11:42:52","slug":"projeto-juventude-e-meio-ambiente-recebeu-alunos-do-cec","status":"publish","type":"post","link":"https:\/\/www.caririemacao.com\/1\/2018\/03\/27\/projeto-juventude-e-meio-ambiente-recebeu-alunos-do-cec\/","title":{"rendered":"Projeto Juventude e Meio Ambiente recebeu alunos do CEC"},"content":{"rendered":"<p>No \u00faltimo s\u00e1bado dia 24 de mar\u00e7o, o professor Ezequiel S\u00f3stenes (Kiel), recebeu na \u00e1rea do s\u00edtio Viegas, onde acontece o projeto Juventude e Meio Ambiente, alunos do Centro Educacional do Cariri (CEC). Os alunos vieram conhecer esse projeto visa revitalizar e preservar a Mata Ciliar nas margens do Rio Para\u00edba do Norte.<\/p>\n<p>O professor Ezequiel exp\u00f4s de forma brilhante e clara o projeto de conviv\u00eancia com o semi \u00e1rido, demonstrando t\u00e9cnicas simples, mas de uma ima import\u00e2ncia imensur\u00e1vel para os agricultores. Uma vis\u00e3o que agrega preserva\u00e7\u00e3o e produ\u00e7\u00e3o.<\/p>\n<p>Estiveram presentes os professores Iago, Rom\u00e1rio e Alessandra, que vieram acompanhando os alunos. Quem tamb\u00e9m esteve presente foi o professor Bhira Mariano, que foi o interlocutor do encontro.<\/p>\n<p>Os alunos tamb\u00e9m visitaram a col\u00f4nia de pescadores, onde foram recebidos pelo casal F\u00e1tima e Deusinho, que s\u00e3o respons\u00e1veis pelo col\u00f4nia.<\/p>\n<div class=\"dO6SYbmJ\">\n<p><strong>CARIRI EM A\u00c7\u00c3O<\/strong><\/p>\n<p><em>Com Camala\u00fa Noticias\/Foto: Camala\u00fa Noticias<\/em><\/p>\n<p><strong>Leia mais not\u00edcias em\u00a0<\/strong><a href=\"http:\/\/www.caririemacao.com\/\"><strong>caririemacao.com<\/strong><\/a><strong>, siga nossa p\u00e1gina no\u00a0<\/strong><a href=\"https:\/\/www.facebook.com\/CaririEmAcao\/?ref=aymt_homepage_panel\"><strong>Facebook<\/strong><\/a>,<strong>\u00a0<\/strong><a href=\"https:\/\/www.instagram.com\/cariri_em_acao\/?hl=pt-br\"><strong>Instagram<\/strong><\/a><strong>\u00a0e\u00a0<\/strong><a href=\"https:\/\/www.youtube.com\/channel\/UCAptA0jQuYQy8vMhLt2m4qg\"><strong>Youtube<\/strong><\/a><strong>\u00a0e veja nossas mat\u00e9rias, v\u00eddeos e fotos. Voc\u00ea tamb\u00e9m pode enviar informa\u00e7\u00f5es \u00e0 Reda\u00e7\u00e3o do Portal Cariri em A\u00e7\u00e3o pelo WhatsApp (83) 9 9634.5791, (83) 9 9601-1162.<\/strong><\/p>\n<\/div>\n","protected":false},"excerpt":{"rendered":"<p>No \u00faltimo s\u00e1bado dia 24 de mar\u00e7o, o professor Ezequiel S\u00f3stenes (Kiel), recebeu na \u00e1rea do s\u00edtio Viegas, onde acontece o projeto Juventude e Meio&hellip; <\/p>\n","protected":false},"author":2,"featured_media":45417,"comment_status":"closed","ping_status":"closed","sticky":false,"template":"","format":"standard","meta":{"sfsi_plus_gutenberg_text_before_share":"","sfsi_plus_gutenberg_show_text_before_share":"","sfsi_plus_gutenberg_icon_type":"","sfsi_plus_gutenberg_icon_alignemt":"","sfsi_plus_gutenburg_max_per_row":"","footnotes":""},"categories":[6],"tags":[],"class_list":["post-45416","post","type-post","status-publish","format-standard","has-post-thumbnail","hentry","category-cidades"],"_links":{"self":[{"href":"https:\/\/www.caririemacao.com\/1\/wp-json\/wp\/v2\/posts\/45416","targetHints":{"allow":["GET"]}}],"collection":[{"href":"https:\/\/www.caririemacao.com\/1\/wp-json\/wp\/v2\/posts"}],"about":[{"href":"https:\/\/www.caririemacao.com\/1\/wp-json\/wp\/v2\/types\/post"}],"author":[{"embeddable":true,"href":"https:\/\/www.caririemacao.com\/1\/wp-json\/wp\/v2\/users\/2"}],"replies":[{"embeddable":true,"href":"https:\/\/www.caririemacao.com\/1\/wp-json\/wp\/v2\/comments?post=45416"}],"version-history":[{"count":0,"href":"https:\/\/www.caririemacao.com\/1\/wp-json\/wp\/v2\/posts\/45416\/revisions"}],"wp:featuredmedia":[{"embeddable":true,"href":"https:\/\/www.caririemacao.com\/1\/wp-json\/wp\/v2\/media\/45417"}],"wp:attachment":[{"href":"https:\/\/www.caririemacao.com\/1\/wp-json\/wp\/v2\/media?parent=45416"}],"wp:term":[{"taxonomy":"category","embeddable":true,"href":"https:\/\/www.caririemacao.com\/1\/wp-json\/wp\/v2\/categories?post=45416"},{"taxonomy":"post_tag","embeddable":true,"href":"https:\/\/www.caririemacao.com\/1\/wp-json\/wp\/v2\/tags?post=45416"}],"curies":[{"name":"wp","href":"https:\/\/api.w.org\/{rel}","templated":true}]}}