{"id":45422,"date":"2018-03-27T08:53:43","date_gmt":"2018-03-27T11:53:43","guid":{"rendered":"http:\/\/caririemacao.com\/1\/?p=45422"},"modified":"2018-03-27T08:53:43","modified_gmt":"2018-03-27T11:53:43","slug":"brasil-encara-alemanha-nesta-terca-sob-a-sombra-do-7-a-1","status":"publish","type":"post","link":"https:\/\/www.caririemacao.com\/1\/2018\/03\/27\/brasil-encara-alemanha-nesta-terca-sob-a-sombra-do-7-a-1\/","title":{"rendered":"Brasil encara Alemanha nesta ter\u00e7a sob a sombra do \u20187 a 1\u2019"},"content":{"rendered":"<p>A sele\u00e7\u00e3o brasileira enfrentar\u00e1 a Alemanha, nesta ter\u00e7a-feira (27), \u00e0s 15h45 (hor\u00e1rio de Bras\u00edlia), no est\u00e1dio Ol\u00edmpico de Berlim. Ser\u00e1 o t\u00e3o esperado primeiro encontro entre ambos desde de o \u201c7 a 1\u201d da semifinal da Copa de 2014 que se transformou na maior cat\u00e1strofe da hist\u00f3ria do futebol brasileiro.<\/p>\n<p>Por mais que os atletas e a comiss\u00e3o t\u00e9cnica procurem suavizar o peso emocional da partida, a sombra da inacredit\u00e1vel goleada sofrida pelo Brasil estar\u00e1 presente \u2013 e incomodando \u2013 no grupo de Tite.<\/p>\n<p>O treinador far\u00e1 novos testes na equipe pensando no time que colocar\u00e1 em campo no Mundial da R\u00fassia. Uma dessas mexidas ser\u00e1 a entrada do meio-campista Fernandinho, um dos jogadores mais vaiados pela torcida naquela fat\u00eddica tarde de 8 de julho de 2014, no Mineir\u00e3o, em Belo Horizonte.<\/p>\n<p>Neste jogo contra os alem\u00e3es, Fernandinho dever\u00e1 exercer fun\u00e7\u00e3o um pouco mais ofensiva daquela que faz no Manchester City, onde atua como um primeiro volante. Para o jogador, a partida poder\u00e1 ser um recome\u00e7o, como destacou o zagueiro Miranda, em entrevista coletiva, no domingo.<\/p>\n<p>Tal declara\u00e7\u00e3o comprova a ideia que todos est\u00e3o encarando a partida de forma especial, n\u00e3o somente como um amistoso diante de uma das na\u00e7\u00f5es favoritas ao t\u00edtulo.<\/p>\n<p>Fernandinho estar\u00e1 do atacante Gabriel Jesus, com quem atua no City, e de outros dois companheiros de clube, mas do lado alem\u00e3o: os meio-campistas G\u00fcndogan e San\u00e9.<\/p>\n<p>E se o Brasil ter\u00e1 desfalques importantes no duelo, casos do atacante Neymar e dos laterais-esquerdos Filipe Luis e Alex Sandro, todos lesionados, o t\u00e9cnico Joachim L\u00f6w tamb\u00e9m ter\u00e1 seus problemas para escalar a Alemanha.<\/p>\n<p>As aus\u00eancias no time alem\u00e3o ser\u00e3o o goleiro Neuer (se recupera de cirurgia no p\u00e9 esquerdo), os atacantes Thomas M\u00fcller e \u00d6zil (poupados por acordo entre a federa\u00e7\u00e3o alem\u00e3 e os clubes) e o meio-campista Emre Can (cortado devido a dores nas costas).<\/p>\n<div class=\"related_content\">\n<p>&nbsp;<\/p>\n<\/div>\n<p>Desta forma, a prov\u00e1vel equipe alem\u00e3 para enfrentar o Brasil dever\u00e1 ter a seguinte forma\u00e7\u00e3o: Leno (Trapp), R\u00fcdiger, Boateng e Ginter; Kimmich, G\u00fcndogan, Khedira (Goretzka) e Plattenhardt; Stindl, Werner e San\u00e9.<\/p>\n<p>J\u00e1 o Brasil dever\u00e1 ir a campo com: Alisson, Daniel Alves, Thiago Silva, Miranda e Marcelo; Casemiro; Fernandinho, Paulinho, Willian e Coutinho; Gabriel Jesus.<\/p>\n<p>A sele\u00e7\u00e3o brasileira ainda far\u00e1 outros dois amistosos antes da estreia na Copa, diante da Su\u00ed\u00e7a, no dia 17 de junho, \u00e0s 15 horas (hor\u00e1rio de Bras\u00edlia), em Rostov.<\/p>\n<p>Os comandados de Tite enfrentar\u00e3o as sele\u00e7\u00f5es da Cro\u00e1cia e da \u00c1ustria, nos dias 3 e 10 de junho, respectivamente, na Europa.<\/p>\n<p><strong>CARIRI EM A\u00c7\u00c3O<\/strong><\/p>\n<p><em>Com R7\/Foto:\u00a0R7<\/em><\/p>\n<p><strong>Leia mais not\u00edcias em\u00a0<\/strong><a href=\"http:\/\/www.caririemacao.com\/\"><strong>caririemacao.com<\/strong><\/a><strong>, siga nossa p\u00e1gina no\u00a0<\/strong><a href=\"https:\/\/www.facebook.com\/CaririEmAcao\/?ref=aymt_homepage_panel\"><strong>Facebook<\/strong><\/a>,<strong>\u00a0<\/strong><a href=\"https:\/\/www.instagram.com\/cariri_em_acao\/?hl=pt-br\"><strong>Instagram<\/strong><\/a><strong>\u00a0e\u00a0<\/strong><a href=\"https:\/\/www.youtube.com\/channel\/UCAptA0jQuYQy8vMhLt2m4qg\"><strong>Youtube<\/strong><\/a><strong>\u00a0e veja nossas mat\u00e9rias, v\u00eddeos e fotos. Voc\u00ea tamb\u00e9m pode enviar informa\u00e7\u00f5es \u00e0 Reda\u00e7\u00e3o do Portal Cariri em A\u00e7\u00e3o pelo WhatsApp (83) 9 9634.5791, (83) 9 9601-1162.<\/strong><\/p>\n","protected":false},"excerpt":{"rendered":"<p>A sele\u00e7\u00e3o brasileira enfrentar\u00e1 a Alemanha, nesta ter\u00e7a-feira (27), \u00e0s 15h45 (hor\u00e1rio de Bras\u00edlia), no est\u00e1dio Ol\u00edmpico de Berlim. Ser\u00e1 o t\u00e3o esperado primeiro encontro&hellip; <\/p>\n","protected":false},"author":2,"featured_media":45423,"comment_status":"closed","ping_status":"closed","sticky":false,"template":"","format":"standard","meta":{"sfsi_plus_gutenberg_text_before_share":"","sfsi_plus_gutenberg_show_text_before_share":"","sfsi_plus_gutenberg_icon_type":"","sfsi_plus_gutenberg_icon_alignemt":"","sfsi_plus_gutenburg_max_per_row":"","footnotes":""},"categories":[13],"tags":[],"class_list":["post-45422","post","type-post","status-publish","format-standard","has-post-thumbnail","hentry","category-esportes"],"_links":{"self":[{"href":"https:\/\/www.caririemacao.com\/1\/wp-json\/wp\/v2\/posts\/45422","targetHints":{"allow":["GET"]}}],"collection":[{"href":"https:\/\/www.caririemacao.com\/1\/wp-json\/wp\/v2\/posts"}],"about":[{"href":"https:\/\/www.caririemacao.com\/1\/wp-json\/wp\/v2\/types\/post"}],"author":[{"embeddable":true,"href":"https:\/\/www.caririemacao.com\/1\/wp-json\/wp\/v2\/users\/2"}],"replies":[{"embeddable":true,"href":"https:\/\/www.caririemacao.com\/1\/wp-json\/wp\/v2\/comments?post=45422"}],"version-history":[{"count":0,"href":"https:\/\/www.caririemacao.com\/1\/wp-json\/wp\/v2\/posts\/45422\/revisions"}],"wp:featuredmedia":[{"embeddable":true,"href":"https:\/\/www.caririemacao.com\/1\/wp-json\/wp\/v2\/media\/45423"}],"wp:attachment":[{"href":"https:\/\/www.caririemacao.com\/1\/wp-json\/wp\/v2\/media?parent=45422"}],"wp:term":[{"taxonomy":"category","embeddable":true,"href":"https:\/\/www.caririemacao.com\/1\/wp-json\/wp\/v2\/categories?post=45422"},{"taxonomy":"post_tag","embeddable":true,"href":"https:\/\/www.caririemacao.com\/1\/wp-json\/wp\/v2\/tags?post=45422"}],"curies":[{"name":"wp","href":"https:\/\/api.w.org\/{rel}","templated":true}]}}