{"id":45437,"date":"2018-03-27T10:20:10","date_gmt":"2018-03-27T13:20:10","guid":{"rendered":"http:\/\/caririemacao.com\/1\/?p=45437"},"modified":"2018-03-27T10:20:26","modified_gmt":"2018-03-27T13:20:26","slug":"procon-pb-suspende-habilitacao-de-entidade-para-carteira-de-estudante-2018","status":"publish","type":"post","link":"https:\/\/www.caririemacao.com\/1\/2018\/03\/27\/procon-pb-suspende-habilitacao-de-entidade-para-carteira-de-estudante-2018\/","title":{"rendered":"Procon-PB suspende habilita\u00e7\u00e3o de entidade para carteira de estudante 2018"},"content":{"rendered":"<div class=\"mc-column content-text active-extra-styles active-capital-letter\" data-block-type=\"unstyled\" data-block-weight=\"77\" data-block-id=\"2\">\n<p class=\"content-text__container theme-color-primary-first-letter\" data-track-category=\"Link no Texto\" data-track-links=\"\">A habilita\u00e7\u00e3o da carteira de estudante da Uni\u00e3o Paraibana dos Estudantes Secund\u00e1rio (Upes) foi temporariamente suspensa pela Autarquia de Prote\u00e7\u00e3o e Defesa do Consumidor do Estado da Para\u00edba (Procon-PB). De acordo com a superintendente, K\u00e9ssia Liliana, dois representantes apresentaram documenta\u00e7\u00e3o para a mesma entidade, com certid\u00e3o em cart\u00f3rio. \u201cO cart\u00f3rio confirmou que as duas t\u00eam validade, mas s\u00f3 a Justi\u00e7a pode dizer quem vai representar. Decidimos suspender\u201d, explica.\u00a0A suspens\u00e3o foi publicada no Di\u00e1rio Oficial do Estado.<\/p>\n<\/div>\n<div class=\"mc-column content-text active-extra-styles \" data-block-type=\"unstyled\" data-block-weight=\"42\" data-block-id=\"3\">\n<p class=\"content-text__container \" data-track-category=\"Link no Texto\" data-track-links=\"\">As demais entidades credenciadas pelo decreto estadual 37.210\/2017 permanecem habilitadas, sendo que as de n\u00edvel secundarista \u2013 Associa\u00e7\u00e3o dos Estudantes Secundaristas da Para\u00edba (Aesp) e Uni\u00e3o Liberal dos Estudantes Secundaristas da Para\u00edba (Ulesp) \u2013 s\u00f3 podem emitir carteiras para estudantes deste n\u00edvel.<\/p>\n<\/div>\n<div class=\"mc-column content-text active-extra-styles \" data-block-type=\"unstyled\" data-block-weight=\"31\" data-block-id=\"4\">\n<p class=\"content-text__container \" data-track-category=\"Link no Texto\" data-track-links=\"\">As de n\u00edvel superior Maur\u00edcio de Nassau, DCE- Diret\u00f3rio Central dos Estudantes da FIP Fadip, DCE IFPB, DCE Unip\u00ea, DCE UFPB, s\u00f3 podem emitir a carteira de estudante para estudantes universit\u00e1rios.<\/p>\n<\/div>\n<div data-track-category=\"fim do conteudo\" data-track-action=\"ultimo chunk conteudo\" data-track-noninteraction=\"false\" data-track-scroll=\"entrada completa viewport\">\n<div class=\"mc-column content-text active-extra-styles \" data-block-type=\"unstyled\" data-block-weight=\"34\" data-block-id=\"5\">\n<p class=\"content-text__container \" data-track-category=\"Link no Texto\" data-track-links=\"\">K\u00e9ssia ainda explicou que em caso de d\u00favidas e esclarecimentos o estudante secundarista e universit\u00e1rio deve ligar para o n\u00famero 151 ou acessar o site do Procon-PB www.procon.pb.gov.br ou nas redes sociais do \u00f3rg\u00e3o.<\/p>\n<p><strong>CARIRI EM A\u00c7\u00c3O<\/strong><\/p>\n<p><em>Com G1 \/Foto: Reprodu\u00e7\u00e3o Internet\u00a0<\/em><\/p>\n<p><strong>Leia mais not\u00edcias em\u00a0<\/strong><a href=\"http:\/\/www.caririemacao.com\/\"><strong>caririemacao.com<\/strong><\/a><strong>, siga nossa p\u00e1gina no\u00a0<\/strong><a href=\"https:\/\/www.facebook.com\/CaririEmAcao\/?ref=aymt_homepage_panel\"><strong>Facebook<\/strong><\/a>,<strong>\u00a0<\/strong><a href=\"https:\/\/www.instagram.com\/cariri_em_acao\/?hl=pt-br\"><strong>Instagram<\/strong><\/a><strong>\u00a0e\u00a0<\/strong><a href=\"https:\/\/www.youtube.com\/channel\/UCAptA0jQuYQy8vMhLt2m4qg\"><strong>Youtube<\/strong><\/a><strong>\u00a0e veja nossas mat\u00e9rias, v\u00eddeos e fotos. Voc\u00ea tamb\u00e9m pode enviar informa\u00e7\u00f5es \u00e0 Reda\u00e7\u00e3o do Portal Cariri em A\u00e7\u00e3o pelo WhatsApp (83) 9 9634.5791, (83) 9 9601-1162.<\/strong><\/p>\n<\/div>\n<\/div>\n","protected":false},"excerpt":{"rendered":"<p>A habilita\u00e7\u00e3o da carteira de estudante da Uni\u00e3o Paraibana dos Estudantes Secund\u00e1rio (Upes) foi temporariamente suspensa pela Autarquia de Prote\u00e7\u00e3o e Defesa do Consumidor do&hellip; <\/p>\n","protected":false},"author":2,"featured_media":45438,"comment_status":"closed","ping_status":"closed","sticky":false,"template":"","format":"standard","meta":{"sfsi_plus_gutenberg_text_before_share":"","sfsi_plus_gutenberg_show_text_before_share":"","sfsi_plus_gutenberg_icon_type":"","sfsi_plus_gutenberg_icon_alignemt":"","sfsi_plus_gutenburg_max_per_row":"","footnotes":""},"categories":[2],"tags":[],"class_list":["post-45437","post","type-post","status-publish","format-standard","has-post-thumbnail","hentry","category-geral"],"_links":{"self":[{"href":"https:\/\/www.caririemacao.com\/1\/wp-json\/wp\/v2\/posts\/45437","targetHints":{"allow":["GET"]}}],"collection":[{"href":"https:\/\/www.caririemacao.com\/1\/wp-json\/wp\/v2\/posts"}],"about":[{"href":"https:\/\/www.caririemacao.com\/1\/wp-json\/wp\/v2\/types\/post"}],"author":[{"embeddable":true,"href":"https:\/\/www.caririemacao.com\/1\/wp-json\/wp\/v2\/users\/2"}],"replies":[{"embeddable":true,"href":"https:\/\/www.caririemacao.com\/1\/wp-json\/wp\/v2\/comments?post=45437"}],"version-history":[{"count":0,"href":"https:\/\/www.caririemacao.com\/1\/wp-json\/wp\/v2\/posts\/45437\/revisions"}],"wp:featuredmedia":[{"embeddable":true,"href":"https:\/\/www.caririemacao.com\/1\/wp-json\/wp\/v2\/media\/45438"}],"wp:attachment":[{"href":"https:\/\/www.caririemacao.com\/1\/wp-json\/wp\/v2\/media?parent=45437"}],"wp:term":[{"taxonomy":"category","embeddable":true,"href":"https:\/\/www.caririemacao.com\/1\/wp-json\/wp\/v2\/categories?post=45437"},{"taxonomy":"post_tag","embeddable":true,"href":"https:\/\/www.caririemacao.com\/1\/wp-json\/wp\/v2\/tags?post=45437"}],"curies":[{"name":"wp","href":"https:\/\/api.w.org\/{rel}","templated":true}]}}