{"id":45442,"date":"2018-03-27T10:34:57","date_gmt":"2018-03-27T13:34:57","guid":{"rendered":"http:\/\/caririemacao.com\/1\/?p=45442"},"modified":"2018-03-27T10:35:20","modified_gmt":"2018-03-27T13:35:20","slug":"dia-d-de-vacinacao-contra-hpv-e-meningite-ocorre-nesta-terca","status":"publish","type":"post","link":"https:\/\/www.caririemacao.com\/1\/2018\/03\/27\/dia-d-de-vacinacao-contra-hpv-e-meningite-ocorre-nesta-terca\/","title":{"rendered":"Dia \u2018D\u2019 de vacina\u00e7\u00e3o contra HPV e meningite ocorre nesta ter\u00e7a"},"content":{"rendered":"<p>Uma intensifica\u00e7\u00e3o da vacina\u00e7\u00e3o dos adolescentes, tendo como foco as vacinas contra HPV e Meningites acontece at\u00e9 o pr\u00f3ximo dia 28, na Para\u00edba. Nesta ter\u00e7a-feira (27), o \u2018Dia D\u2019 ser\u00e1 realizado na Escola Estadual Ilza Ribeiro, na cidade do Conde, a partir das 9h, e\u00a0na Escola Municipal Deputado Fernando Paulo Milanez, na Rua Alberto de Miranda Henriques, em Gramame. A a\u00e7\u00e3o segue recomenda\u00e7\u00e3o do Programa Nacional de Imuniza\u00e7\u00f5es para refor\u00e7ar a vacina\u00e7\u00e3o nas escolas durante o m\u00eas de mar\u00e7o.<\/p>\n<p>O Minist\u00e9rio da Sa\u00fade est\u00e1 convocando adolescentes de todo pa\u00eds para se vacinarem contra HPV (Papiloma V\u00edrus Humano) e meningite. A preocupa\u00e7\u00e3o da Pasta \u00e9 com as baixas coberturas vacinais em todos os estados da federa\u00e7\u00e3o. Na Para\u00edba, desde a incorpora\u00e7\u00e3o da vacina HPV no Calend\u00e1rio Nacional, a cobertura com as duas doses \u00e9 de 50,2% entre meninas de 9 a 14 anos e 53% entre os meninos de 12 e 13 anos, com a primeira dose. Devem se vacinar contra meningite os adolescentes de 12 e 13 anos.<\/p>\n<p>Segundo a coordenadora estadual de Imuniza\u00e7\u00e3o, Isiane Queiroga, ao menos um munic\u00edpio de cada regi\u00e3o deve desenvolver a\u00e7\u00f5es em escolas. \u201c\u00c9 fundamental que os munic\u00edpios fa\u00e7am esfor\u00e7os no sentido de garantir a vacina\u00e7\u00e3o da popula\u00e7\u00e3o alvo, reiterando a import\u00e2ncia de alcan\u00e7ar altas e homog\u00eaneas coberturas vacinais por faixa et\u00e1ria\u201d.<\/p>\n<p>A vacina\u00a0<span class=\"il\">HPV<\/span>\u00a0quadrivalente est\u00e1 dispon\u00edvel no SUS desde 2014 e devem ser vacinadas meninas de 9 a 14 anos e meninos de 11 a 14 anos, com esquema vacinal de duas doses, com intervalo de seis meses.\u00a0 J\u00e1 a faixa et\u00e1ria de imuniza\u00e7\u00e3o contra a meningite C foi ampliada e passa a ser de 11 a 14 anos. At\u00e9 o ano passado, eram imunizados apenas meninos e meninas de 12 e 13 anos.<\/p>\n<p>Os adolescentes que tomaram a primeira dose da vacina contra o\u00a0<span class=\"il\">HPV\u00a0<\/span>precisam tomar a segunda dose para a efetiva preven\u00e7\u00e3o. Al\u00e9m dos adolescentes, dever\u00e3o ser imunizados pessoas de 9 a 26 anos portadores do v\u00edrus HIV, transplantados e pacientes oncol\u00f3gicos.<\/p>\n<p><strong>CARIRI EM A\u00c7\u00c3O<\/strong><\/p>\n<p><em>Com Portal Correio \/Foto: Reprodu\u00e7\u00e3o Internet<\/em><\/p>\n<p><strong>Leia mais not\u00edcias em\u00a0<\/strong><a href=\"http:\/\/www.caririemacao.com\/\"><strong>caririemacao.com<\/strong><\/a><strong>, siga nossa p\u00e1gina no\u00a0<\/strong><a href=\"https:\/\/www.facebook.com\/CaririEmAcao\/?ref=aymt_homepage_panel\"><strong>Facebook<\/strong><\/a>,<strong>\u00a0<\/strong><a href=\"https:\/\/www.instagram.com\/cariri_em_acao\/?hl=pt-br\"><strong>Instagram<\/strong><\/a><strong>\u00a0e <\/strong><a href=\"https:\/\/www.youtube.com\/channel\/UCAptA0jQuYQy8vMhLt2m4qg\"><strong>Youtube<\/strong><\/a><strong>\u00a0e veja nossas mat\u00e9rias, v\u00eddeos e fotos. Voc\u00ea tamb\u00e9m pode enviar informa\u00e7\u00f5es \u00e0 Reda\u00e7\u00e3o do Portal Cariri em A\u00e7\u00e3o pelo WhatsApp (83) 9 9634.5791, (83) 9 9601-1162.<\/strong><\/p>\n","protected":false},"excerpt":{"rendered":"<p>Uma intensifica\u00e7\u00e3o da vacina\u00e7\u00e3o dos adolescentes, tendo como foco as vacinas contra HPV e Meningites acontece at\u00e9 o pr\u00f3ximo dia 28, na Para\u00edba. Nesta ter\u00e7a-feira&hellip; <\/p>\n","protected":false},"author":2,"featured_media":45446,"comment_status":"closed","ping_status":"closed","sticky":false,"template":"","format":"standard","meta":{"sfsi_plus_gutenberg_text_before_share":"","sfsi_plus_gutenberg_show_text_before_share":"","sfsi_plus_gutenberg_icon_type":"","sfsi_plus_gutenberg_icon_alignemt":"","sfsi_plus_gutenburg_max_per_row":"","footnotes":""},"categories":[16],"tags":[],"class_list":["post-45442","post","type-post","status-publish","format-standard","has-post-thumbnail","hentry","category-saude"],"_links":{"self":[{"href":"https:\/\/www.caririemacao.com\/1\/wp-json\/wp\/v2\/posts\/45442","targetHints":{"allow":["GET"]}}],"collection":[{"href":"https:\/\/www.caririemacao.com\/1\/wp-json\/wp\/v2\/posts"}],"about":[{"href":"https:\/\/www.caririemacao.com\/1\/wp-json\/wp\/v2\/types\/post"}],"author":[{"embeddable":true,"href":"https:\/\/www.caririemacao.com\/1\/wp-json\/wp\/v2\/users\/2"}],"replies":[{"embeddable":true,"href":"https:\/\/www.caririemacao.com\/1\/wp-json\/wp\/v2\/comments?post=45442"}],"version-history":[{"count":0,"href":"https:\/\/www.caririemacao.com\/1\/wp-json\/wp\/v2\/posts\/45442\/revisions"}],"wp:featuredmedia":[{"embeddable":true,"href":"https:\/\/www.caririemacao.com\/1\/wp-json\/wp\/v2\/media\/45446"}],"wp:attachment":[{"href":"https:\/\/www.caririemacao.com\/1\/wp-json\/wp\/v2\/media?parent=45442"}],"wp:term":[{"taxonomy":"category","embeddable":true,"href":"https:\/\/www.caririemacao.com\/1\/wp-json\/wp\/v2\/categories?post=45442"},{"taxonomy":"post_tag","embeddable":true,"href":"https:\/\/www.caririemacao.com\/1\/wp-json\/wp\/v2\/tags?post=45442"}],"curies":[{"name":"wp","href":"https:\/\/api.w.org\/{rel}","templated":true}]}}