{"id":45451,"date":"2018-03-27T10:41:11","date_gmt":"2018-03-27T13:41:11","guid":{"rendered":"http:\/\/caririemacao.com\/1\/?p=45451"},"modified":"2018-03-27T10:41:11","modified_gmt":"2018-03-27T13:41:11","slug":"aesa-garante-abastecimento-do-cariri-mesmo-com-suspensao-temporaria-da-transposicao","status":"publish","type":"post","link":"https:\/\/www.caririemacao.com\/1\/2018\/03\/27\/aesa-garante-abastecimento-do-cariri-mesmo-com-suspensao-temporaria-da-transposicao\/","title":{"rendered":"Aesa garante abastecimento do Cariri mesmo com suspens\u00e3o tempor\u00e1ria da Transposi\u00e7\u00e3o"},"content":{"rendered":"<p>O presidente da Aesa, Jo\u00e3o Fernandes, garantiu o abastecimento das cidades do Cariri durante o per\u00edodo em que o projeto de Transposi\u00e7\u00e3o estiver interrompido em seu eixo leste na Para\u00edba. Segundo Jo\u00e3o Fernandes, o Rio Para\u00edba se manter\u00e1 perenizado com \u00e1gua que vem do a\u00e7ude de Camala\u00fa, atrav\u00e9s da abertura de sua comporta.<\/p>\n<p>Jo\u00e3o Fernandes afirmou em entrevista ao portal De Olho no Cariri que era contra a suspens\u00e3o da Transposi\u00e7\u00e3o neste momento e defendeu que as obras nos a\u00e7udes de Po\u00e7\u00f5es e Camala\u00fa se dessem apenas de junho para julho deste ano. Como foi voto vencido, o presidente disse que ficou acertado com o Minist\u00e9rio da Integra\u00e7\u00e3o que o Rio Para\u00edba n\u00e3o deixaria de ficar perenizado durante o per\u00edodo das obras de recupera\u00e7\u00e3o nos mananciais.<\/p>\n<p>O presidente da Aesa tranquilizou a popula\u00e7\u00e3o do Cariri de que n\u00e3o faltar\u00e1 \u00e1gua para abastecer \u00e0 regi\u00e3o e disse ainda que espera que em no m\u00e1ximo 4 meses o Dnocs conclua os servi\u00e7os para que o bombeamento da Transposi\u00e7\u00e3o volte \u00e0 normalidade.<\/p>\n<p><strong>CARIRI EM A\u00c7\u00c3O<\/strong><\/p>\n<p><em>Com De Olho no Cariri\/Foto: Reprodu\u00e7\u00e3o Internet\u00a0<\/em><\/p>\n<p><strong>Leia mais not\u00edcias em\u00a0<\/strong><a href=\"http:\/\/www.caririemacao.com\/\"><strong>caririemacao.com<\/strong><\/a><strong>, siga nossa p\u00e1gina no\u00a0<\/strong><a href=\"https:\/\/www.facebook.com\/CaririEmAcao\/?ref=aymt_homepage_panel\"><strong>Facebook<\/strong><\/a>,<strong>\u00a0<\/strong><a href=\"https:\/\/www.instagram.com\/cariri_em_acao\/?hl=pt-br\"><strong>Instagram<\/strong><\/a><strong>\u00a0e\u00a0<\/strong><a href=\"https:\/\/www.youtube.com\/channel\/UCAptA0jQuYQy8vMhLt2m4qg\"><strong>Youtube<\/strong><\/a><strong>\u00a0e veja nossas mat\u00e9rias, v\u00eddeos e fotos. Voc\u00ea tamb\u00e9m pode enviar informa\u00e7\u00f5es \u00e0 Reda\u00e7\u00e3o do Portal Cariri em A\u00e7\u00e3o pelo WhatsApp (83) 9 9634.5791, (83) 9 9601-1162.<\/strong><\/p>\n","protected":false},"excerpt":{"rendered":"<p>O presidente da Aesa, Jo\u00e3o Fernandes, garantiu o abastecimento das cidades do Cariri durante o per\u00edodo em que o projeto de Transposi\u00e7\u00e3o estiver interrompido em&hellip; <\/p>\n","protected":false},"author":2,"featured_media":45453,"comment_status":"closed","ping_status":"closed","sticky":false,"template":"","format":"standard","meta":{"sfsi_plus_gutenberg_text_before_share":"","sfsi_plus_gutenberg_show_text_before_share":"","sfsi_plus_gutenberg_icon_type":"","sfsi_plus_gutenberg_icon_alignemt":"","sfsi_plus_gutenburg_max_per_row":"","footnotes":""},"categories":[2],"tags":[],"class_list":["post-45451","post","type-post","status-publish","format-standard","has-post-thumbnail","hentry","category-geral"],"_links":{"self":[{"href":"https:\/\/www.caririemacao.com\/1\/wp-json\/wp\/v2\/posts\/45451","targetHints":{"allow":["GET"]}}],"collection":[{"href":"https:\/\/www.caririemacao.com\/1\/wp-json\/wp\/v2\/posts"}],"about":[{"href":"https:\/\/www.caririemacao.com\/1\/wp-json\/wp\/v2\/types\/post"}],"author":[{"embeddable":true,"href":"https:\/\/www.caririemacao.com\/1\/wp-json\/wp\/v2\/users\/2"}],"replies":[{"embeddable":true,"href":"https:\/\/www.caririemacao.com\/1\/wp-json\/wp\/v2\/comments?post=45451"}],"version-history":[{"count":0,"href":"https:\/\/www.caririemacao.com\/1\/wp-json\/wp\/v2\/posts\/45451\/revisions"}],"wp:featuredmedia":[{"embeddable":true,"href":"https:\/\/www.caririemacao.com\/1\/wp-json\/wp\/v2\/media\/45453"}],"wp:attachment":[{"href":"https:\/\/www.caririemacao.com\/1\/wp-json\/wp\/v2\/media?parent=45451"}],"wp:term":[{"taxonomy":"category","embeddable":true,"href":"https:\/\/www.caririemacao.com\/1\/wp-json\/wp\/v2\/categories?post=45451"},{"taxonomy":"post_tag","embeddable":true,"href":"https:\/\/www.caririemacao.com\/1\/wp-json\/wp\/v2\/tags?post=45451"}],"curies":[{"name":"wp","href":"https:\/\/api.w.org\/{rel}","templated":true}]}}