{"id":45457,"date":"2018-03-27T10:49:07","date_gmt":"2018-03-27T13:49:07","guid":{"rendered":"http:\/\/caririemacao.com\/1\/?p=45457"},"modified":"2018-03-27T10:49:07","modified_gmt":"2018-03-27T13:49:07","slug":"espero-que-o-stf-tome-a-melhor-decisao-diz-moro-sobre-lula","status":"publish","type":"post","link":"https:\/\/www.caririemacao.com\/1\/2018\/03\/27\/espero-que-o-stf-tome-a-melhor-decisao-diz-moro-sobre-lula\/","title":{"rendered":"\u2018Espero que o STF tome a melhor decis\u00e3o\u2019, diz Moro sobre Lula"},"content":{"rendered":"<p>O juiz federal\u00a0Sergio Moro\u00a0disse, na noite desta segunda-feira, que espera que \u201co Supremo Tribunal Federal tome a melhor decis\u00e3o\u201d no caso do\u00a0habeas corpus\u00a0preventivo do ex-presidente\u00a0Luiz In\u00e1cio Lula da Silva\u00a0(PT). Moro n\u00e3o disse qual seria a \u201cmelhor decis\u00e3o\u201d, mas reiterou sua defesa da execu\u00e7\u00e3o das penas ap\u00f3s condena\u00e7\u00e3o em segunda inst\u00e2ncia.<\/p>\n<p>Questionado se mandaria prender o petista, agora que o Tribunal Regional Federal da 4\u00aa Regi\u00e3o (TRF4) recusou os embargos de declara\u00e7\u00e3o do ex-presidente, o juiz argumentou que \u00e9 apenas \u201cum cumpridor da ordem\u201d. Lula tem um salvo-conduto do STF at\u00e9 a conclus\u00e3o da an\u00e1lise do seu recurso, que deve ser retomada no dia 4 de abril. Caso o habeas corpus seja rejeitado, ele poderia ter a pris\u00e3o decretada.<\/p>\n<p>Em entrevista ao\u00a0<em>Roda Viva<\/em>, da TV Cultura, o juiz da Lava Jato citou a \u201cordem\u201d do TRF4, em refer\u00eancia ao ac\u00f3rd\u00e3o da condena\u00e7\u00e3o do petista a 12 anos e um m\u00eas de pris\u00e3o. O documento do tribunal determina que, uma vez esgotados os recursos do ex-presidente em segunda inst\u00e2ncia, deve se iniciar o cumprimento da pena.\u00a0\u201cTenho que cumprir a ordem do Tribunal Regional Federal\u201d.<\/p>\n<p><strong>\u00c1udio<\/strong><\/p>\n<p>Sergio Moro afirmou que \u201cjamais pediu escusas\u201d pela decis\u00e3o de tornar p\u00fablico um \u00e1udio de uma conversa entre Lula e a ent\u00e3o presidente\u00a0Dilma Rousseff\u00a0(PT) em 2016. \u201cFoi uma decis\u00e3o que eu tomei pensando estar fazendo a coisa certa. O ministro Teori [Zavascki, relator da Lava Jato morto em 2017] entendeu que n\u00e3o e revisou.\u201d<\/p>\n<p>A conversa divulgada, em que Dilma diz a Lula estar enviando um intermedi\u00e1rio com um documento \u201cem caso de necessidade\u201d, foi entendida como um combinado para que o ex-presidente tivesse um ato de posse como ministro-chefe da Casa Civil, que lhe garantiria foro privilegiado, caso Moro determinasse sua pris\u00e3o. O caso levou o ministro Gilmar Mendes, do STF, a anular a nomea\u00e7\u00e3o de Lula para o cargo, anunciada no dia em que as grava\u00e7\u00f5es vieram \u00e0 p\u00fablico.<\/p>\n<p>Aos jornalistas que estavam na bancada do programa da TV Cultura, o magistrado disse n\u00e3o acreditar que haja um \u201cacord\u00e3o\u201d para proteger o ex-presidente.\u00a0\u201cEu n\u00e3o posso acreditar em uma hip\u00f3tese dessa\u201d, argumentou.<\/p>\n<p><strong>CARIRI EM A\u00c7\u00c3O<\/strong><\/p>\n<p><em>Com VEJA.com \/Foto: Reprodu\u00e7\u00e3o Internet<\/em><\/p>\n<p><strong>Leia mais not\u00edcias em\u00a0<\/strong><a href=\"http:\/\/www.caririemacao.com\/\"><strong>caririemacao.com<\/strong><\/a><strong>, siga nossa p\u00e1gina no\u00a0<\/strong><a href=\"https:\/\/www.facebook.com\/CaririEmAcao\/?ref=aymt_homepage_panel\"><strong>Facebook<\/strong><\/a>,<strong>\u00a0<\/strong><a href=\"https:\/\/www.instagram.com\/cariri_em_acao\/?hl=pt-br\"><strong>Instagram<\/strong><\/a><strong>\u00a0e <\/strong><a href=\"https:\/\/www.youtube.com\/channel\/UCAptA0jQuYQy8vMhLt2m4qg\"><strong>Youtube<\/strong><\/a><strong>\u00a0e veja nossas mat\u00e9rias, v\u00eddeos e fotos. Voc\u00ea tamb\u00e9m pode enviar informa\u00e7\u00f5es \u00e0 Reda\u00e7\u00e3o do Portal Cariri em A\u00e7\u00e3o pelo WhatsApp (83) 9 9634.5791, (83) 9 9601-1162.<\/strong><\/p>\n","protected":false},"excerpt":{"rendered":"<p>O juiz federal\u00a0Sergio Moro\u00a0disse, na noite desta segunda-feira, que espera que \u201co Supremo Tribunal Federal tome a melhor decis\u00e3o\u201d no caso do\u00a0habeas corpus\u00a0preventivo do ex-presidente\u00a0Luiz&hellip; <\/p>\n","protected":false},"author":2,"featured_media":4572,"comment_status":"closed","ping_status":"closed","sticky":false,"template":"","format":"standard","meta":{"sfsi_plus_gutenberg_text_before_share":"","sfsi_plus_gutenberg_show_text_before_share":"","sfsi_plus_gutenberg_icon_type":"","sfsi_plus_gutenberg_icon_alignemt":"","sfsi_plus_gutenburg_max_per_row":"","footnotes":""},"categories":[11],"tags":[],"class_list":["post-45457","post","type-post","status-publish","format-standard","has-post-thumbnail","hentry","category-politica"],"_links":{"self":[{"href":"https:\/\/www.caririemacao.com\/1\/wp-json\/wp\/v2\/posts\/45457","targetHints":{"allow":["GET"]}}],"collection":[{"href":"https:\/\/www.caririemacao.com\/1\/wp-json\/wp\/v2\/posts"}],"about":[{"href":"https:\/\/www.caririemacao.com\/1\/wp-json\/wp\/v2\/types\/post"}],"author":[{"embeddable":true,"href":"https:\/\/www.caririemacao.com\/1\/wp-json\/wp\/v2\/users\/2"}],"replies":[{"embeddable":true,"href":"https:\/\/www.caririemacao.com\/1\/wp-json\/wp\/v2\/comments?post=45457"}],"version-history":[{"count":0,"href":"https:\/\/www.caririemacao.com\/1\/wp-json\/wp\/v2\/posts\/45457\/revisions"}],"wp:featuredmedia":[{"embeddable":true,"href":"https:\/\/www.caririemacao.com\/1\/wp-json\/wp\/v2\/media\/4572"}],"wp:attachment":[{"href":"https:\/\/www.caririemacao.com\/1\/wp-json\/wp\/v2\/media?parent=45457"}],"wp:term":[{"taxonomy":"category","embeddable":true,"href":"https:\/\/www.caririemacao.com\/1\/wp-json\/wp\/v2\/categories?post=45457"},{"taxonomy":"post_tag","embeddable":true,"href":"https:\/\/www.caririemacao.com\/1\/wp-json\/wp\/v2\/tags?post=45457"}],"curies":[{"name":"wp","href":"https:\/\/api.w.org\/{rel}","templated":true}]}}