{"id":45458,"date":"2018-03-27T10:49:38","date_gmt":"2018-03-27T13:49:38","guid":{"rendered":"http:\/\/caririemacao.com\/1\/?p=45458"},"modified":"2018-03-27T10:49:38","modified_gmt":"2018-03-27T13:49:38","slug":"prefeitura-paraibana-de-gurjao-concorre-a-premio-em-votacao-nacional","status":"publish","type":"post","link":"https:\/\/www.caririemacao.com\/1\/2018\/03\/27\/prefeitura-paraibana-de-gurjao-concorre-a-premio-em-votacao-nacional\/","title":{"rendered":"Prefeitura Paraibana de GURJ\u00c3O Concorre a Pr\u00eamio em vota\u00e7\u00e3o Nacional"},"content":{"rendered":"<p>A Edi\u00e7\u00e3o 2017\/2018 do Pr\u00eamio MuniCi\u00eancia, que busca identificar, reconhecer e reaplicar pr\u00e1ticas inovadoras em gest\u00e3o municipal, selecionou em sua 2\u00aa etapa, quinze iniciativas inovadoras.<\/p>\n<p>Aten\u00e7\u00e3o Para\u00edba, um Munic\u00edpio do nosso estado concorre a um pr\u00eamio nacional de boas praticas administrativas, vamos fazer nossa parte e apoiar o Munic\u00edpio de Gurj\u00e3o aqui na Para\u00edba votando.<\/p>\n<p><strong>CARIRI EM A\u00c7\u00c3O<\/strong><\/p>\n<p><em>Com Famup\/Foto: Reprodu\u00e7\u00e3o Internet\u00a0<\/em><\/p>\n<p><strong>Leia mais not\u00edcias em\u00a0<\/strong><a href=\"http:\/\/www.caririemacao.com\/\"><strong>caririemacao.com<\/strong><\/a><strong>, siga nossa p\u00e1gina no\u00a0<\/strong><a href=\"https:\/\/www.facebook.com\/CaririEmAcao\/?ref=aymt_homepage_panel\"><strong>Facebook<\/strong><\/a>,<strong>\u00a0<\/strong><a href=\"https:\/\/www.instagram.com\/cariri_em_acao\/?hl=pt-br\"><strong>Instagram<\/strong><\/a><strong>\u00a0e\u00a0<\/strong><a href=\"https:\/\/www.youtube.com\/channel\/UCAptA0jQuYQy8vMhLt2m4qg\"><strong>Youtube<\/strong><\/a><strong>\u00a0e veja nossas mat\u00e9rias, v\u00eddeos e fotos. Voc\u00ea tamb\u00e9m pode enviar informa\u00e7\u00f5es \u00e0 Reda\u00e7\u00e3o do Portal Cariri em A\u00e7\u00e3o pelo WhatsApp (83) 9 9634.5791, (83) 9 9601-1162.<\/strong><\/p>\n","protected":false},"excerpt":{"rendered":"<p>A Edi\u00e7\u00e3o 2017\/2018 do Pr\u00eamio MuniCi\u00eancia, que busca identificar, reconhecer e reaplicar pr\u00e1ticas inovadoras em gest\u00e3o municipal, selecionou em sua 2\u00aa etapa, quinze iniciativas inovadoras.&hellip; <\/p>\n","protected":false},"author":2,"featured_media":24029,"comment_status":"closed","ping_status":"closed","sticky":false,"template":"","format":"standard","meta":{"sfsi_plus_gutenberg_text_before_share":"","sfsi_plus_gutenberg_show_text_before_share":"","sfsi_plus_gutenberg_icon_type":"","sfsi_plus_gutenberg_icon_alignemt":"","sfsi_plus_gutenburg_max_per_row":"","footnotes":""},"categories":[6],"tags":[],"class_list":["post-45458","post","type-post","status-publish","format-standard","has-post-thumbnail","hentry","category-cidades"],"_links":{"self":[{"href":"https:\/\/www.caririemacao.com\/1\/wp-json\/wp\/v2\/posts\/45458","targetHints":{"allow":["GET"]}}],"collection":[{"href":"https:\/\/www.caririemacao.com\/1\/wp-json\/wp\/v2\/posts"}],"about":[{"href":"https:\/\/www.caririemacao.com\/1\/wp-json\/wp\/v2\/types\/post"}],"author":[{"embeddable":true,"href":"https:\/\/www.caririemacao.com\/1\/wp-json\/wp\/v2\/users\/2"}],"replies":[{"embeddable":true,"href":"https:\/\/www.caririemacao.com\/1\/wp-json\/wp\/v2\/comments?post=45458"}],"version-history":[{"count":0,"href":"https:\/\/www.caririemacao.com\/1\/wp-json\/wp\/v2\/posts\/45458\/revisions"}],"wp:featuredmedia":[{"embeddable":true,"href":"https:\/\/www.caririemacao.com\/1\/wp-json\/wp\/v2\/media\/24029"}],"wp:attachment":[{"href":"https:\/\/www.caririemacao.com\/1\/wp-json\/wp\/v2\/media?parent=45458"}],"wp:term":[{"taxonomy":"category","embeddable":true,"href":"https:\/\/www.caririemacao.com\/1\/wp-json\/wp\/v2\/categories?post=45458"},{"taxonomy":"post_tag","embeddable":true,"href":"https:\/\/www.caririemacao.com\/1\/wp-json\/wp\/v2\/tags?post=45458"}],"curies":[{"name":"wp","href":"https:\/\/api.w.org\/{rel}","templated":true}]}}