{"id":45461,"date":"2018-03-27T10:56:55","date_gmt":"2018-03-27T13:56:55","guid":{"rendered":"http:\/\/caririemacao.com\/1\/?p=45461"},"modified":"2018-03-27T10:56:55","modified_gmt":"2018-03-27T13:56:55","slug":"inquerito-arquivado-que-envolve-temer-cita-supostas-caixinhas","status":"publish","type":"post","link":"https:\/\/www.caririemacao.com\/1\/2018\/03\/27\/inquerito-arquivado-que-envolve-temer-cita-supostas-caixinhas\/","title":{"rendered":"Inqu\u00e9rito arquivado que envolve Temer cita supostas &#8216;caixinhas&#8217;"},"content":{"rendered":"<p>Os documentos sobre supostas irregularidades no Porto de Santos podem ajudar nas investiga\u00e7\u00f5es de um outro inqu\u00e9rito que apura se um decreto do presidente Michel Temer teria ou n\u00e3o favorecido empresas do setor de portos em troca de propina. Como destaca o G1, o ministro Luis Roberto Barroso, do Supremo Tribunal Federal, autorizou na semana passada que o Minist\u00e9rio P\u00fablico tenha acesso ao inqu\u00e9rito que j\u00e1 foi arquivado em outubro do ano passado.<\/p>\n<p>Segundo destaca o G1, os quatro volumes do inqu\u00e9rito que cita o presidente Temer, na \u00e9poca deputado federal, est\u00e3o arquivados. A ordem foi da ju\u00edza Silvia Maria Rocha, da 2\u00aa Vara Federal Criminal de S\u00e3o Paulo.<\/p>\n<p>Em 2004, a Pol\u00edcia Federal abriu o inqu\u00e9rito ap\u00f3s os delegados terem recebido uma c\u00f3pia de uma a\u00e7\u00e3o na qual a estudante Erika Santos pedia pens\u00e3o aliment\u00edcia e parte dos bens do ex-companheiro, o empres\u00e1rio Marcelo de Azeredo, com quem teve um relacionamento desde 1997.<\/p>\n<p>Azeredo foi presidente da Codesp, a estatal que administra o Porto de Santos, o maior do pa\u00eds, entre 1995 e 1998. Erika acusava o ex-companheiro de comandar um esquema de corrup\u00e7\u00e3o no porto. Segundo ela, &#8220;essas caixinhas ou propinas&#8221; eram repartidas entre Marcelo, o padrinho pol\u00edtico dele, o ent\u00e3o deputado federal Michel Temer, e uma pessoa conhecida como Lima.<\/p>\n<p>A reportagem refere ainda que, na a\u00e7\u00e3o, est\u00e3o anexadas algumas planilhas com descri\u00e7\u00e3o de projetos e diversas anota\u00e7\u00f5es.<\/p>\n<p>Devido \u00e0s acusa\u00e7\u00f5es de Erika, a Pol\u00edcia Federal chamou Michel Temer para prestar depoimento, duas vezes, em 2010. No entanto, o G1 ressalta que Temer nunca prestou esses depoimentos e a Justi\u00e7a Federal em Santos encaminhou o processo ao STF.<\/p>\n<p>No Supremo, o ministro Marco Aur\u00e9lio Mello analisou o caso e, em abril de 2011, decidiu arquivar a investiga\u00e7\u00e3o contra Temer e devolveu para Santos o inqu\u00e9rito sobre o ex-presidente da Codesp.<\/p>\n<div id=\"SourceFBBrasil\" data-aop=\"WidgetStore\" data-id=\"1024\" data-m=\"{\">\n<div id=\"facebookWidget\" data-aop=\"facebookWidget\" data-id=\"1024\" data-m=\"{\">\u00a0<strong>CARIRI EM A\u00c7\u00c3O<\/strong><em>Com G1 \/Foto: Reprodu\u00e7\u00e3o Internet<\/em><\/p>\n<p><strong>Leia mais not\u00edcias em\u00a0<\/strong><a href=\"http:\/\/www.caririemacao.com\/\"><strong>caririemacao.com<\/strong><\/a><strong>, siga nossa p\u00e1gina no\u00a0<\/strong><a href=\"https:\/\/www.facebook.com\/CaririEmAcao\/?ref=aymt_homepage_panel\"><strong>Facebook<\/strong><\/a>,<strong>\u00a0<\/strong><a href=\"https:\/\/www.instagram.com\/cariri_em_acao\/?hl=pt-br\"><strong>Instagram<\/strong><\/a><strong>\u00a0e <\/strong><a href=\"https:\/\/www.youtube.com\/channel\/UCAptA0jQuYQy8vMhLt2m4qg\"><strong>Youtube<\/strong><\/a><strong>\u00a0e veja nossas mat\u00e9rias, v\u00eddeos e fotos. Voc\u00ea tamb\u00e9m pode enviar informa\u00e7\u00f5es \u00e0 Reda\u00e7\u00e3o do Portal Cariri em A\u00e7\u00e3o pelo WhatsApp (83) 9 9634.5791, (83) 9 9601-1162.<\/strong><\/p>\n<\/div>\n<\/div>\n","protected":false},"excerpt":{"rendered":"<p>Os documentos sobre supostas irregularidades no Porto de Santos podem ajudar nas investiga\u00e7\u00f5es de um outro inqu\u00e9rito que apura se um decreto do presidente Michel&hellip; <\/p>\n","protected":false},"author":2,"featured_media":45463,"comment_status":"closed","ping_status":"closed","sticky":false,"template":"","format":"standard","meta":{"sfsi_plus_gutenberg_text_before_share":"","sfsi_plus_gutenberg_show_text_before_share":"","sfsi_plus_gutenberg_icon_type":"","sfsi_plus_gutenberg_icon_alignemt":"","sfsi_plus_gutenburg_max_per_row":"","footnotes":""},"categories":[11],"tags":[],"class_list":["post-45461","post","type-post","status-publish","format-standard","has-post-thumbnail","hentry","category-politica"],"_links":{"self":[{"href":"https:\/\/www.caririemacao.com\/1\/wp-json\/wp\/v2\/posts\/45461","targetHints":{"allow":["GET"]}}],"collection":[{"href":"https:\/\/www.caririemacao.com\/1\/wp-json\/wp\/v2\/posts"}],"about":[{"href":"https:\/\/www.caririemacao.com\/1\/wp-json\/wp\/v2\/types\/post"}],"author":[{"embeddable":true,"href":"https:\/\/www.caririemacao.com\/1\/wp-json\/wp\/v2\/users\/2"}],"replies":[{"embeddable":true,"href":"https:\/\/www.caririemacao.com\/1\/wp-json\/wp\/v2\/comments?post=45461"}],"version-history":[{"count":0,"href":"https:\/\/www.caririemacao.com\/1\/wp-json\/wp\/v2\/posts\/45461\/revisions"}],"wp:featuredmedia":[{"embeddable":true,"href":"https:\/\/www.caririemacao.com\/1\/wp-json\/wp\/v2\/media\/45463"}],"wp:attachment":[{"href":"https:\/\/www.caririemacao.com\/1\/wp-json\/wp\/v2\/media?parent=45461"}],"wp:term":[{"taxonomy":"category","embeddable":true,"href":"https:\/\/www.caririemacao.com\/1\/wp-json\/wp\/v2\/categories?post=45461"},{"taxonomy":"post_tag","embeddable":true,"href":"https:\/\/www.caririemacao.com\/1\/wp-json\/wp\/v2\/tags?post=45461"}],"curies":[{"name":"wp","href":"https:\/\/api.w.org\/{rel}","templated":true}]}}