{"id":45468,"date":"2018-03-27T11:09:53","date_gmt":"2018-03-27T14:09:53","guid":{"rendered":"http:\/\/caririemacao.com\/1\/?p=45468"},"modified":"2018-03-27T11:09:53","modified_gmt":"2018-03-27T14:09:53","slug":"ricardo-inaugura-hospital-metropolitano-dom-jose-maria-pires-dia-4-de-abril","status":"publish","type":"post","link":"https:\/\/www.caririemacao.com\/1\/2018\/03\/27\/ricardo-inaugura-hospital-metropolitano-dom-jose-maria-pires-dia-4-de-abril\/","title":{"rendered":"Ricardo inaugura Hospital Metropolitano Dom Jos\u00e9 Maria Pires dia 4 de abril"},"content":{"rendered":"<p>A sa\u00fade da Para\u00edba recebe, na primeira semana de abril, o Hospital Metropolitano Dom Jos\u00e9 Maria Pires, um dos equipamentos de sa\u00fade mais modernos do Estado, refer\u00eancia em cardiologia e neurologia. O governador Ricardo Coutinho anunciou que a unidade de sa\u00fade ser inaugurada no dia 4 de abril.<\/p>\n<p>O governador apresentou dados sobre a Rede de Cardiologia Pedi\u00e1trica, que j\u00e1 beneficiou milhares de crian\u00e7as em seis anos de atua\u00e7\u00e3o. Para ele, a inaugura\u00e7\u00e3o do Hospital Metropolitano vai coroar esse trabalho realizado, j\u00e1 que a unidade de sa\u00fade tamb\u00e9m ir\u00e1 oferecer o servi\u00e7o de refer\u00eancia em cardiologia pedi\u00e1trica.<\/p>\n<p>\u201cConstru\u00edmos uma rede de cardiologia pedi\u00e1trica. Toda a crian\u00e7a que nasce na Para\u00edba passa por um exame para saber se tem algum ind\u00edcio de problema no cora\u00e7\u00e3o. \u00c9 dever do Estado estar presente a aplicar os testes que j\u00e1 nos levaram a fazer mais de mil cirurgias em crian\u00e7as na rede de cardiologia pedi\u00e1trica. Isso \u00e9 algo extraordin\u00e1rio que ser\u00e1 coroado com a abertura do maior hospital que o Estado j\u00e1 recebeu, o Hospital Metropolitano Dom Jos\u00e9 Maria Pires\u201d, destacou o governador.<\/p>\n<p>Ricardo tamb\u00e9m lembrou que o Hospital Metropolitano recebe o nome de Dom Jos\u00e9 Maria Pires em homenagem a um dos maiores humanistas que o Estado j\u00e1 teve e o primeiro arcebispo negro do Pa\u00eds. \u201cDom Jos\u00e9 Maria Pires foi arcebispo da Para\u00edba por 31 anos. Ele aceitou a homenagem ainda em vida e dar\u00e1 o nome a esse grande hospital que beneficiar\u00e1 toda a Para\u00edba\u201d, pontuou o governador.<\/p>\n<p>Para a secret\u00e1ria de Estado da Sa\u00fade, Cl\u00e1udia Veras, \u201cesta \u00e9 uma obra muito emblem\u00e1tica, sob o ponto de vista da pol\u00edtica de sa\u00fade p\u00fablica da Para\u00edba, uma vez que os custos na sa\u00fade s\u00e3o muito altos, as necessidades da popula\u00e7\u00e3o s\u00e3o crescentes e os recursos limitados. Mesmo assim, o Governo assumiu este compromisso, identificando desde o primeiro momento que a Regi\u00e3o Metropolitana necessitava de um suporte de m\u00e9dia e alta complexidades\u201d.<\/p>\n<p>Cl\u00e1udia explica que a especialidade do hospital foi definida a partir do perfil epidemiol\u00f3gico do Estado, j\u00e1 que existe uma preval\u00eancia de doen\u00e7as cardiovasculares entre os paraibanos. \u201cEmbora tenhamos servi\u00e7os conveniados com o SUS nas especialidades de cardiologia e neurologia, n\u00e3o possu\u00edamos um servi\u00e7o pr\u00f3prio, p\u00fablico nessas especialidades\u201d, comentou ela.<\/p>\n<p>\u201cTodos os profissionais de sa\u00fade reconhecem a import\u00e2ncia dessa obra para a sa\u00fade do Estado e n\u00f3s estamos muito orgulhosos em poder coordenar esta etapa da entrega da obra, uma vez que pudemos acompanhar todas as fases, desde a concep\u00e7\u00e3o e os desafios do financiamento para garantir o funcionamento de um equipamento de sa\u00fade p\u00fablica t\u00e3o importante para toda a popula\u00e7\u00e3o\u201d, concluiu a secret\u00e1ria.<\/p>\n<p><strong>Hospital Metropolitano<\/strong><\/p>\n<p>O Hospital Metropolitano Dom Jos\u00e9 Maria Pires, localizado em Santa Rita, contou com investimento de mais de R$ 150 milh\u00f5es pelo Governo, dos quais 75% recursos pr\u00f3prios do Estado e 25% em verbas federais. Esse ser\u00e1 primeiro hospital p\u00fablico especializado em neurologia e cardiologia da Para\u00edba e, quando funcionando em sua total capacidade, disponibilizar\u00e1 226 leitos, sendo 58 de UTI, 11 salas de cirurgia e um moderno centro de diagn\u00f3stico por imagem.<\/p>\n<p>O atendimento ser\u00e1 referenciado e atender\u00e1 a popula\u00e7\u00e3o dos 223 munic\u00edpios da Para\u00edba.<\/p>\n<p><strong>CARIRI EM A\u00c7\u00c3O<\/strong><\/p>\n<p><em>Com\u00a0Parlamento PB \/Foto: Reprodu\u00e7\u00e3o Internet<\/em><\/p>\n<p><strong>Leia mais not\u00edcias em\u00a0<\/strong><a href=\"http:\/\/www.caririemacao.com\/\"><strong>caririemacao.com<\/strong><\/a><strong>, siga nossa p\u00e1gina no\u00a0<\/strong><a href=\"https:\/\/www.facebook.com\/CaririEmAcao\/?ref=aymt_homepage_panel\"><strong>Facebook<\/strong><\/a>,<strong>\u00a0<\/strong><a href=\"https:\/\/www.instagram.com\/cariri_em_acao\/?hl=pt-br\"><strong>Instagram<\/strong><\/a><strong>\u00a0e <\/strong><a href=\"https:\/\/www.youtube.com\/channel\/UCAptA0jQuYQy8vMhLt2m4qg\"><strong>Youtube<\/strong><\/a><strong>\u00a0e veja nossas mat\u00e9rias, v\u00eddeos e fotos. Voc\u00ea tamb\u00e9m pode enviar informa\u00e7\u00f5es \u00e0 Reda\u00e7\u00e3o do Portal Cariri em A\u00e7\u00e3o pelo WhatsApp (83) 9 9634.5791, (83) 9 9601-1162.<\/strong><\/p>\n","protected":false},"excerpt":{"rendered":"<p>A sa\u00fade da Para\u00edba recebe, na primeira semana de abril, o Hospital Metropolitano Dom Jos\u00e9 Maria Pires, um dos equipamentos de sa\u00fade mais modernos do&hellip; <\/p>\n","protected":false},"author":2,"featured_media":45469,"comment_status":"closed","ping_status":"closed","sticky":false,"template":"","format":"standard","meta":{"sfsi_plus_gutenberg_text_before_share":"","sfsi_plus_gutenberg_show_text_before_share":"","sfsi_plus_gutenberg_icon_type":"","sfsi_plus_gutenberg_icon_alignemt":"","sfsi_plus_gutenburg_max_per_row":"","footnotes":""},"categories":[2],"tags":[],"class_list":["post-45468","post","type-post","status-publish","format-standard","has-post-thumbnail","hentry","category-geral"],"_links":{"self":[{"href":"https:\/\/www.caririemacao.com\/1\/wp-json\/wp\/v2\/posts\/45468","targetHints":{"allow":["GET"]}}],"collection":[{"href":"https:\/\/www.caririemacao.com\/1\/wp-json\/wp\/v2\/posts"}],"about":[{"href":"https:\/\/www.caririemacao.com\/1\/wp-json\/wp\/v2\/types\/post"}],"author":[{"embeddable":true,"href":"https:\/\/www.caririemacao.com\/1\/wp-json\/wp\/v2\/users\/2"}],"replies":[{"embeddable":true,"href":"https:\/\/www.caririemacao.com\/1\/wp-json\/wp\/v2\/comments?post=45468"}],"version-history":[{"count":0,"href":"https:\/\/www.caririemacao.com\/1\/wp-json\/wp\/v2\/posts\/45468\/revisions"}],"wp:featuredmedia":[{"embeddable":true,"href":"https:\/\/www.caririemacao.com\/1\/wp-json\/wp\/v2\/media\/45469"}],"wp:attachment":[{"href":"https:\/\/www.caririemacao.com\/1\/wp-json\/wp\/v2\/media?parent=45468"}],"wp:term":[{"taxonomy":"category","embeddable":true,"href":"https:\/\/www.caririemacao.com\/1\/wp-json\/wp\/v2\/categories?post=45468"},{"taxonomy":"post_tag","embeddable":true,"href":"https:\/\/www.caririemacao.com\/1\/wp-json\/wp\/v2\/tags?post=45468"}],"curies":[{"name":"wp","href":"https:\/\/api.w.org\/{rel}","templated":true}]}}