{"id":45476,"date":"2018-03-27T21:15:54","date_gmt":"2018-03-28T00:15:54","guid":{"rendered":"http:\/\/caririemacao.com\/1\/?p=45476"},"modified":"2018-03-27T21:15:54","modified_gmt":"2018-03-28T00:15:54","slug":"prefeitura-de-camalau-entrega-cestas-basicas-verduras-e-peixes-nesta-quarta","status":"publish","type":"post","link":"https:\/\/www.caririemacao.com\/1\/2018\/03\/27\/prefeitura-de-camalau-entrega-cestas-basicas-verduras-e-peixes-nesta-quarta\/","title":{"rendered":"Prefeitura de Camala\u00fa entrega cestas B\u00e1sicas, verduras e peixes nesta quarta"},"content":{"rendered":"<article>\n<section class=\"post-date\"><\/section>\n<div class=\"clear\">O governo Municipal de Camala\u00fa atrav\u00e9s da Secretaria de Trabalho e A\u00e7\u00e3o Social, avisa a todas as pessoas que s\u00e3o benefici\u00e1rias do Programa Bolsa Fam\u00edlia, que procurem a Secretaria de Assist\u00eancia Social para verificarem se seu nome consta na lista para receberem uma cesta b\u00e1sica referente aos alimentos arrecadados no Carnaval.<\/div>\n<div class=\"contentPost\">\n<p>Os alimentos ser\u00e3o entregues nesta quarta feira a partir das 15:30 horas na Secretaria de Assist\u00eancia Social, que fica localizada na rua Professora Severina Ramos, 100 (no bairro do xexo) pr\u00f3ximos a entrada do Centro Educacional Odete Maciel Firmo.<\/p>\n<p><strong>CARIRI EM A\u00c7\u00c3O<\/strong><\/p>\n<p><em>Com Cariri Ligado\/Foto: Reprodu\u00e7\u00e3o Internet<\/em><\/p>\n<p><strong>Leia mais not\u00edcias em\u00a0<\/strong><a href=\"http:\/\/www.caririemacao.com\/\"><strong>caririemacao.com<\/strong><\/a><strong>, siga nossa p\u00e1gina no\u00a0<\/strong><a href=\"https:\/\/www.facebook.com\/CaririEmAcao\/?ref=aymt_homepage_panel\"><strong>Facebook<\/strong><\/a>,<strong>\u00a0<\/strong><a href=\"https:\/\/www.instagram.com\/cariri_em_acao\/?hl=pt-br\"><strong>Instagram<\/strong><\/a><strong>\u00a0e\u00a0<\/strong><a href=\"https:\/\/www.youtube.com\/channel\/UCAptA0jQuYQy8vMhLt2m4qg\"><strong>Youtube<\/strong><\/a><strong>\u00a0e veja nossas mat\u00e9rias, v\u00eddeos e fotos. Voc\u00ea tamb\u00e9m pode enviar informa\u00e7\u00f5es \u00e0 Reda\u00e7\u00e3o do Portal Cariri em A\u00e7\u00e3o pelo WhatsApp (83) 9 9634.5791, (83) 9 9601-1162.<\/strong><\/p>\n<\/div>\n<\/article>\n","protected":false},"excerpt":{"rendered":"<p>O governo Municipal de Camala\u00fa atrav\u00e9s da Secretaria de Trabalho e A\u00e7\u00e3o Social, avisa a todas as pessoas que s\u00e3o benefici\u00e1rias do Programa Bolsa Fam\u00edlia,&hellip; <\/p>\n","protected":false},"author":2,"featured_media":45477,"comment_status":"closed","ping_status":"closed","sticky":false,"template":"","format":"standard","meta":{"sfsi_plus_gutenberg_text_before_share":"","sfsi_plus_gutenberg_show_text_before_share":"","sfsi_plus_gutenberg_icon_type":"","sfsi_plus_gutenberg_icon_alignemt":"","sfsi_plus_gutenburg_max_per_row":"","footnotes":""},"categories":[6],"tags":[],"class_list":["post-45476","post","type-post","status-publish","format-standard","has-post-thumbnail","hentry","category-cidades"],"_links":{"self":[{"href":"https:\/\/www.caririemacao.com\/1\/wp-json\/wp\/v2\/posts\/45476","targetHints":{"allow":["GET"]}}],"collection":[{"href":"https:\/\/www.caririemacao.com\/1\/wp-json\/wp\/v2\/posts"}],"about":[{"href":"https:\/\/www.caririemacao.com\/1\/wp-json\/wp\/v2\/types\/post"}],"author":[{"embeddable":true,"href":"https:\/\/www.caririemacao.com\/1\/wp-json\/wp\/v2\/users\/2"}],"replies":[{"embeddable":true,"href":"https:\/\/www.caririemacao.com\/1\/wp-json\/wp\/v2\/comments?post=45476"}],"version-history":[{"count":0,"href":"https:\/\/www.caririemacao.com\/1\/wp-json\/wp\/v2\/posts\/45476\/revisions"}],"wp:featuredmedia":[{"embeddable":true,"href":"https:\/\/www.caririemacao.com\/1\/wp-json\/wp\/v2\/media\/45477"}],"wp:attachment":[{"href":"https:\/\/www.caririemacao.com\/1\/wp-json\/wp\/v2\/media?parent=45476"}],"wp:term":[{"taxonomy":"category","embeddable":true,"href":"https:\/\/www.caririemacao.com\/1\/wp-json\/wp\/v2\/categories?post=45476"},{"taxonomy":"post_tag","embeddable":true,"href":"https:\/\/www.caririemacao.com\/1\/wp-json\/wp\/v2\/tags?post=45476"}],"curies":[{"name":"wp","href":"https:\/\/api.w.org\/{rel}","templated":true}]}}