{"id":45479,"date":"2018-03-27T21:24:37","date_gmt":"2018-03-28T00:24:37","guid":{"rendered":"http:\/\/caririemacao.com\/1\/?p=45479"},"modified":"2018-03-27T21:24:37","modified_gmt":"2018-03-28T00:24:37","slug":"onibus-da-caravana-de-lula-e-atingido-por-tres-tiros","status":"publish","type":"post","link":"https:\/\/www.caririemacao.com\/1\/2018\/03\/27\/onibus-da-caravana-de-lula-e-atingido-por-tres-tiros\/","title":{"rendered":"\u00d4nibus da caravana de Lula \u00e9 atingido por tr\u00eas tiros"},"content":{"rendered":"<p><span class=\"news_capital_letter\">D<\/span>ois dos tr\u00eas\u00a0\u00f4nibus\u00a0da caravana do ex-presidente Luiz In\u00e1cio Lula da Silva (PT) foram atingidos por quatro tiros na noite desta ter\u00e7a-feira (26), no Paran\u00e1.<\/p>\n<p>Um dos ve\u00edculos, que era ocupado por jornalistas e era o \u00faltimo do comboio, teve duas perfura\u00e7\u00f5es na lataria -dos dois lados. Outro tiro atingiu de\u00a0rasp\u00e3o\u00a0um dos vidros.<\/p>\n<p>O outro\u00a0\u00f4nibus\u00a0atingido por um tiro levava convidados e estava no meio da comitiva -onde geralmente segue o ve\u00edculo do ex-presidente.<\/p>\n<p>A presidente do PT,\u00a0Gleisi\u00a0Hoffmann, disse que a caravana foi &#8220;v\u00edtima de uma emboscada&#8221;.<\/p>\n<p>O ataque ocorreu na sa\u00edda da cidade de Quedas do Igua\u00e7u, no Paran\u00e1, quando a caravana seguia para Laranjeiras do Sul.<\/p>\n<p>O coordenador da caravana, M\u00e1rcio Macedo, informou que ainda vai apurar detalhes do ataque, mas j\u00e1 disse que se algo acontecer ao ex-presidente ou a qualquer integrante da comitiva &#8220;ser\u00e1 responsabilidade&#8221; do presidente Michel Temer, do ministro de Seguran\u00e7a P\u00fablica, Raul\u00a0Jungmann, e do governador do Paran\u00e1,\u00a0Beto\u00a0Richa\u00a0(PSDB).<\/p>\n<p>O trecho do Paran\u00e1 foi o \u00fanico em que a caravana n\u00e3o foi escoltada por policiais militares. No Rio Grande do Sul e em Santa Catarina, os\u00a0\u00f4nibus\u00a0foram acompanhados pela Pol\u00edcia Militar estadual e pela Pol\u00edcia Rodovi\u00e1ria Federal.<\/p>\n<p>Gleisi\u00a0disse que, ap\u00f3s o ataque desta ter\u00e7a, os organizadores procuraram\u00a0Jungmann\u00a0pedindo refor\u00e7o. Eles tamb\u00e9m registraram boletim de ocorr\u00eancia.<\/p>\n<p>Um dos pneus do\u00a0\u00f4nibus\u00a0que levava os jornalistas foi ainda furado por ganchos de metal pontiagudo lan\u00e7ados na estrada por opositores do ex-presidente.<\/p>\n<p>A caravana do petista tem sido alvo de protestos em praticamente todas as cidades pelas quais passou nos \u00faltimos dias, na regi\u00e3o Sul.<\/p>\n<p>No domingo (25), em S\u00e3o Miguel do Oeste, Santa Catarina, manifestantes contr\u00e1rios ao petista receberam os\u00a0\u00f4nibus\u00a0com ovos e pedras -a janela da frente do\u00a0\u00f4nibus\u00a0em que estava Lula acabou quebrada. Mais tarde, enquanto o petista falava ao p\u00fablico, o palanque voltou a ser alvo de ovos.<\/p>\n<p>HELIC\u00d3PTERO<\/p>\n<p>A Pol\u00edcia do Paran\u00e1 negou, nesta ter\u00e7a (27), pedido da coordena\u00e7\u00e3o da caravana para aterrissagem de um helic\u00f3ptero no campo da PM (Pol\u00edcia Militar) da cidade de Quedas do Igua\u00e7u, onde o petista participou de um evento sobre reforma agr\u00e1ria.<\/p>\n<p>A solicita\u00e7\u00e3o foi recusada pelo respons\u00e1vel pelo comando Regional da Pol\u00edcia Militar do Paran\u00e1, em Cascavel, comandante Washington Lee Abe, que assumira provisoriamente a PM de Quedas do Igua\u00e7u.<\/p>\n<p>Esse \u00e9 o mesmo coronel que causou pol\u00eamica ao criticar publicamente a como\u00e7\u00e3o em torno no assassinato da vereadora\u00a0Marielle\u00a0Franco (PSOL).<\/p>\n<p>Com a recusa do coronel, a organiza\u00e7\u00e3o da caravana teve que pedir autoriza\u00e7\u00e3o a um centro de exposi\u00e7\u00f5es &#8211; e obteve. Mas, como as fortes chuvas impediram a\u00a0decolagem\u00a0do helic\u00f3ptero, Lula teve que embarcar em um avi\u00e3o para pouso na cidade de Pato Branco, vizinha a Quedas do Igua\u00e7u.<\/p>\n<p>A assessoria da PM afirmou que Lula n\u00e3o pousou em Quedas do Igua\u00e7u devido ao mau tempo.<\/p>\n<p><strong>CARIRI EM A\u00c7\u00c3O<\/strong><\/p>\n<p><em>Com\u00a0Folhapress \/Foto:\u00a0Folhapress<\/em><\/p>\n<p><strong>Leia mais not\u00edcias em\u00a0<\/strong><a href=\"http:\/\/www.caririemacao.com\/\"><strong>caririemacao.com<\/strong><\/a><strong>, siga nossa p\u00e1gina no\u00a0<\/strong><a href=\"https:\/\/www.facebook.com\/CaririEmAcao\/?ref=aymt_homepage_panel\"><strong>Facebook<\/strong><\/a>,<strong>\u00a0<\/strong><a href=\"https:\/\/www.instagram.com\/cariri_em_acao\/?hl=pt-br\"><strong>Instagram<\/strong><\/a><strong>\u00a0e\u00a0<\/strong><a href=\"https:\/\/www.youtube.com\/channel\/UCAptA0jQuYQy8vMhLt2m4qg\"><strong>Youtube<\/strong><\/a><strong>\u00a0e veja nossas mat\u00e9rias, v\u00eddeos e fotos. Voc\u00ea tamb\u00e9m pode enviar informa\u00e7\u00f5es \u00e0 Reda\u00e7\u00e3o do Portal Cariri em A\u00e7\u00e3o pelo WhatsApp (83) 9 9634.5791, (83) 9 9601-1162.<\/strong><\/p>\n","protected":false},"excerpt":{"rendered":"<p>Dois dos tr\u00eas\u00a0\u00f4nibus\u00a0da caravana do ex-presidente Luiz In\u00e1cio Lula da Silva (PT) foram atingidos por quatro tiros na noite desta ter\u00e7a-feira (26), no Paran\u00e1. Um&hellip; <\/p>\n","protected":false},"author":2,"featured_media":45480,"comment_status":"closed","ping_status":"closed","sticky":false,"template":"","format":"standard","meta":{"sfsi_plus_gutenberg_text_before_share":"","sfsi_plus_gutenberg_show_text_before_share":"","sfsi_plus_gutenberg_icon_type":"","sfsi_plus_gutenberg_icon_alignemt":"","sfsi_plus_gutenburg_max_per_row":"","footnotes":""},"categories":[11],"tags":[],"class_list":["post-45479","post","type-post","status-publish","format-standard","has-post-thumbnail","hentry","category-politica"],"_links":{"self":[{"href":"https:\/\/www.caririemacao.com\/1\/wp-json\/wp\/v2\/posts\/45479","targetHints":{"allow":["GET"]}}],"collection":[{"href":"https:\/\/www.caririemacao.com\/1\/wp-json\/wp\/v2\/posts"}],"about":[{"href":"https:\/\/www.caririemacao.com\/1\/wp-json\/wp\/v2\/types\/post"}],"author":[{"embeddable":true,"href":"https:\/\/www.caririemacao.com\/1\/wp-json\/wp\/v2\/users\/2"}],"replies":[{"embeddable":true,"href":"https:\/\/www.caririemacao.com\/1\/wp-json\/wp\/v2\/comments?post=45479"}],"version-history":[{"count":0,"href":"https:\/\/www.caririemacao.com\/1\/wp-json\/wp\/v2\/posts\/45479\/revisions"}],"wp:featuredmedia":[{"embeddable":true,"href":"https:\/\/www.caririemacao.com\/1\/wp-json\/wp\/v2\/media\/45480"}],"wp:attachment":[{"href":"https:\/\/www.caririemacao.com\/1\/wp-json\/wp\/v2\/media?parent=45479"}],"wp:term":[{"taxonomy":"category","embeddable":true,"href":"https:\/\/www.caririemacao.com\/1\/wp-json\/wp\/v2\/categories?post=45479"},{"taxonomy":"post_tag","embeddable":true,"href":"https:\/\/www.caririemacao.com\/1\/wp-json\/wp\/v2\/tags?post=45479"}],"curies":[{"name":"wp","href":"https:\/\/api.w.org\/{rel}","templated":true}]}}