{"id":45482,"date":"2018-03-27T21:27:05","date_gmt":"2018-03-28T00:27:05","guid":{"rendered":"http:\/\/caririemacao.com\/1\/?p=45482"},"modified":"2018-03-27T21:27:05","modified_gmt":"2018-03-28T00:27:05","slug":"senadora-condena-acao-de-vandalos-contra-a-caravana-de-lula","status":"publish","type":"post","link":"https:\/\/www.caririemacao.com\/1\/2018\/03\/27\/senadora-condena-acao-de-vandalos-contra-a-caravana-de-lula\/","title":{"rendered":"Senadora condena a\u00e7\u00e3o de v\u00e2ndalos contra a caravana de Lula"},"content":{"rendered":"<p><span class=\"news_capital_letter\">A<\/span>s manifesta\u00e7\u00f5es contr\u00e1rias \u00e0 caravana realizada pelo PT na regi\u00e3o Sul do pa\u00eds foram alvo de cr\u00edticas da senadora Regina Sousa (PT-PI), nesta ter\u00e7a-feira (27). Ela afirmou em pronunciamento que j\u00e1 conhecia a corrente separatista existente em Porto Alegre, mas disse que n\u00e3o imaginava a dimens\u00e3o dos protestos.<\/p>\n<p>Regina classificou como inomin\u00e1vel o que chamou de &#8220;a\u00e7\u00e3o de v\u00e2ndalos&#8221;, que, conforme destacou, atiraram pedras e ovos contra os \u00f4nibus e praticaram atos de viol\u00eancia que culminaram com mulheres hospitalizadas. Al\u00e9m disso, de acordo com a senadora, o ex-deputado Paulo Frateschi quase teve a orelha decepada por uma pedra. Ela acredita que a a\u00e7\u00e3o foi combinada.<\/p>\n<p>\u2014 Eu n\u00e3o entendo como \u00e9 que algu\u00e9m pode apoiar um ato daquele. Pedradas, ovo, relhos. Aquela cena s\u00f3 se via na escravid\u00e3o, nos filmes sobre escravos \u2014 disse.<\/p>\n<p><strong>CARIRI EM A\u00c7\u00c3O<\/strong><\/p>\n<p><em>Com\u00a0Ag\u00eancia Senado\/Foto:\u00a0Ag\u00eancia Senado<\/em><\/p>\n<p><strong>Leia mais not\u00edcias em\u00a0<\/strong><a href=\"http:\/\/www.caririemacao.com\/\"><strong>caririemacao.com<\/strong><\/a><strong>, siga nossa p\u00e1gina no\u00a0<\/strong><a href=\"https:\/\/www.facebook.com\/CaririEmAcao\/?ref=aymt_homepage_panel\"><strong>Facebook<\/strong><\/a>,<strong>\u00a0<\/strong><a href=\"https:\/\/www.instagram.com\/cariri_em_acao\/?hl=pt-br\"><strong>Instagram<\/strong><\/a><strong>\u00a0e\u00a0<\/strong><a href=\"https:\/\/www.youtube.com\/channel\/UCAptA0jQuYQy8vMhLt2m4qg\"><strong>Youtube<\/strong><\/a><strong>\u00a0e veja nossas mat\u00e9rias, v\u00eddeos e fotos. Voc\u00ea tamb\u00e9m pode enviar informa\u00e7\u00f5es \u00e0 Reda\u00e7\u00e3o do Portal Cariri em A\u00e7\u00e3o pelo WhatsApp (83) 9 9634.5791, (83) 9 9601-1162.<\/strong><\/p>\n","protected":false},"excerpt":{"rendered":"<p>As manifesta\u00e7\u00f5es contr\u00e1rias \u00e0 caravana realizada pelo PT na regi\u00e3o Sul do pa\u00eds foram alvo de cr\u00edticas da senadora Regina Sousa (PT-PI), nesta ter\u00e7a-feira (27).&hellip; <\/p>\n","protected":false},"author":2,"featured_media":45483,"comment_status":"closed","ping_status":"closed","sticky":false,"template":"","format":"standard","meta":{"sfsi_plus_gutenberg_text_before_share":"","sfsi_plus_gutenberg_show_text_before_share":"","sfsi_plus_gutenberg_icon_type":"","sfsi_plus_gutenberg_icon_alignemt":"","sfsi_plus_gutenburg_max_per_row":"","footnotes":""},"categories":[11],"tags":[],"class_list":["post-45482","post","type-post","status-publish","format-standard","has-post-thumbnail","hentry","category-politica"],"_links":{"self":[{"href":"https:\/\/www.caririemacao.com\/1\/wp-json\/wp\/v2\/posts\/45482","targetHints":{"allow":["GET"]}}],"collection":[{"href":"https:\/\/www.caririemacao.com\/1\/wp-json\/wp\/v2\/posts"}],"about":[{"href":"https:\/\/www.caririemacao.com\/1\/wp-json\/wp\/v2\/types\/post"}],"author":[{"embeddable":true,"href":"https:\/\/www.caririemacao.com\/1\/wp-json\/wp\/v2\/users\/2"}],"replies":[{"embeddable":true,"href":"https:\/\/www.caririemacao.com\/1\/wp-json\/wp\/v2\/comments?post=45482"}],"version-history":[{"count":0,"href":"https:\/\/www.caririemacao.com\/1\/wp-json\/wp\/v2\/posts\/45482\/revisions"}],"wp:featuredmedia":[{"embeddable":true,"href":"https:\/\/www.caririemacao.com\/1\/wp-json\/wp\/v2\/media\/45483"}],"wp:attachment":[{"href":"https:\/\/www.caririemacao.com\/1\/wp-json\/wp\/v2\/media?parent=45482"}],"wp:term":[{"taxonomy":"category","embeddable":true,"href":"https:\/\/www.caririemacao.com\/1\/wp-json\/wp\/v2\/categories?post=45482"},{"taxonomy":"post_tag","embeddable":true,"href":"https:\/\/www.caririemacao.com\/1\/wp-json\/wp\/v2\/tags?post=45482"}],"curies":[{"name":"wp","href":"https:\/\/api.w.org\/{rel}","templated":true}]}}