{"id":45485,"date":"2018-03-27T21:37:02","date_gmt":"2018-03-28T00:37:02","guid":{"rendered":"http:\/\/caririemacao.com\/1\/?p=45485"},"modified":"2018-03-27T21:37:02","modified_gmt":"2018-03-28T00:37:02","slug":"provas-do-enem-nao-terao-maior-grau-de-dificuldade-garante-inep","status":"publish","type":"post","link":"https:\/\/www.caririemacao.com\/1\/2018\/03\/27\/provas-do-enem-nao-terao-maior-grau-de-dificuldade-garante-inep\/","title":{"rendered":"Provas do Enem n\u00e3o ter\u00e3o maior grau de dificuldade, garante Inep"},"content":{"rendered":"<p><span class=\"news_capital_letter\">O\u00a0<\/span>Inep (Instituto Nacional de Estudos e Pesquisas Educacionais An\u00edsio Teixeira) informou nesta ter\u00e7a (27) que a amplia\u00e7\u00e3o do tempo dado aos candidatos para fazer a prova no segundo dia do Enem (Exame Nacional do Ensino M\u00e9dio) n\u00e3o significa que o n\u00edvel de dificuldade do exame vai aumentar. Segundo o Inep, o conte\u00fado das provas do Enem \u00e9 definido pelas Matizes de Refer\u00eancia, que est\u00e3o dispon\u00edveis no portal da institui\u00e7\u00e3o. As informa\u00e7\u00f5es s\u00e3o da Ag\u00eancia Brasil.<\/p>\n<p>&#8220;O documento, de 2009, indica as habilidades que ser\u00e3o avaliadas e orienta a elabora\u00e7\u00e3o das quest\u00f5es da prova, assim como a constru\u00e7\u00e3o de escalas de profici\u00eancia que definem o que e o quanto o aluno realiza no contexto da avalia\u00e7\u00e3o&#8221;, disse o instituto em nota.<\/p>\n<p>O Inep alerta aos interessados em fazer o Enem que consultem apenas os canais oficias do Inep e do Minist\u00e9rio da Educa\u00e7\u00e3o para se informar e tirar d\u00favidas sobre o exame.<\/p>\n<p>Depois da divulga\u00e7\u00e3o de que os candidatos ter\u00e3o 30 minutos a mais no Enem deste ano para fazer as provas de exatas, no segundo dia do exame, alguns alunos manifestaram preocupa\u00e7\u00e3o nas redes sociais sobre o poss\u00edvel endurecimento das quest\u00f5es. No entanto, o aumento do tempo agradou professores e estudantes.<\/p>\n<p><span class=\"news_bold\">REGRAS<\/span><\/p>\n<p>De acordo com o edital do Enem, o primeiro dia da prova, que re\u00fane reda\u00e7\u00e3o e quest\u00f5es de linguagens e ci\u00eancias humanas, ter\u00e1 cinco horas e meia de dura\u00e7\u00e3o e o segundo dia, com quest\u00f5es de ci\u00eancias da natureza e matem\u00e1tica, ter\u00e1 cinco horas. At\u00e9 o ano passado, o segundo dia tinha dura\u00e7\u00e3o de quatro horas e meia.<\/p>\n<p>Assim como em 2017, as provas do Enem deste ano ser\u00e3o realizadas em dois domingos seguidos: nos dias 4 e 11 de novembro. As inscri\u00e7\u00f5es para o Enem dever\u00e3o ser feitas das 10h do dia 7 de maio \u00e0s 23h59 de 18 de maio.<\/p>\n<p><strong>CARIRI EM A\u00c7\u00c3<\/strong><strong>O<\/strong><\/p>\n<p><em>Com Folhapress\/Foto: Reprodu\u00e7\u00e3o Internet<\/em><\/p>\n<p><strong>Leia mais not\u00edcias em\u00a0<\/strong><a href=\"http:\/\/www.caririemacao.com\/\"><strong>caririemacao.com<\/strong><\/a><strong>, siga nossa p\u00e1gina no\u00a0<\/strong><a href=\"https:\/\/www.facebook.com\/CaririEmAcao\/?ref=aymt_homepage_panel\"><strong>Facebook<\/strong><\/a>,<strong>\u00a0<\/strong><a href=\"https:\/\/www.instagram.com\/cariri_em_acao\/?hl=pt-br\"><strong>Instagram<\/strong><\/a><strong>\u00a0e\u00a0<\/strong><a href=\"https:\/\/www.youtube.com\/channel\/UCAptA0jQuYQy8vMhLt2m4qg\"><strong>Youtube<\/strong><\/a><strong>\u00a0e veja nossas mat\u00e9rias, v\u00eddeos e fotos. Voc\u00ea tamb\u00e9m pode enviar informa\u00e7\u00f5es \u00e0 Reda\u00e7\u00e3o do Portal Cariri em A\u00e7\u00e3o pelo WhatsApp (83) 9 9634.5791, (83) 9 9601-1162.<\/strong><\/p>\n","protected":false},"excerpt":{"rendered":"<p>O\u00a0Inep (Instituto Nacional de Estudos e Pesquisas Educacionais An\u00edsio Teixeira) informou nesta ter\u00e7a (27) que a amplia\u00e7\u00e3o do tempo dado aos candidatos para fazer a&hellip; <\/p>\n","protected":false},"author":2,"featured_media":45486,"comment_status":"closed","ping_status":"closed","sticky":false,"template":"","format":"standard","meta":{"sfsi_plus_gutenberg_text_before_share":"","sfsi_plus_gutenberg_show_text_before_share":"","sfsi_plus_gutenberg_icon_type":"","sfsi_plus_gutenberg_icon_alignemt":"","sfsi_plus_gutenburg_max_per_row":"","footnotes":""},"categories":[14],"tags":[],"class_list":["post-45485","post","type-post","status-publish","format-standard","has-post-thumbnail","hentry","category-educacao"],"_links":{"self":[{"href":"https:\/\/www.caririemacao.com\/1\/wp-json\/wp\/v2\/posts\/45485","targetHints":{"allow":["GET"]}}],"collection":[{"href":"https:\/\/www.caririemacao.com\/1\/wp-json\/wp\/v2\/posts"}],"about":[{"href":"https:\/\/www.caririemacao.com\/1\/wp-json\/wp\/v2\/types\/post"}],"author":[{"embeddable":true,"href":"https:\/\/www.caririemacao.com\/1\/wp-json\/wp\/v2\/users\/2"}],"replies":[{"embeddable":true,"href":"https:\/\/www.caririemacao.com\/1\/wp-json\/wp\/v2\/comments?post=45485"}],"version-history":[{"count":0,"href":"https:\/\/www.caririemacao.com\/1\/wp-json\/wp\/v2\/posts\/45485\/revisions"}],"wp:featuredmedia":[{"embeddable":true,"href":"https:\/\/www.caririemacao.com\/1\/wp-json\/wp\/v2\/media\/45486"}],"wp:attachment":[{"href":"https:\/\/www.caririemacao.com\/1\/wp-json\/wp\/v2\/media?parent=45485"}],"wp:term":[{"taxonomy":"category","embeddable":true,"href":"https:\/\/www.caririemacao.com\/1\/wp-json\/wp\/v2\/categories?post=45485"},{"taxonomy":"post_tag","embeddable":true,"href":"https:\/\/www.caririemacao.com\/1\/wp-json\/wp\/v2\/tags?post=45485"}],"curies":[{"name":"wp","href":"https:\/\/api.w.org\/{rel}","templated":true}]}}