{"id":45488,"date":"2018-03-27T21:40:07","date_gmt":"2018-03-28T00:40:07","guid":{"rendered":"http:\/\/caririemacao.com\/1\/?p=45488"},"modified":"2018-03-27T21:40:07","modified_gmt":"2018-03-28T00:40:07","slug":"raquel-dodge-pede-que-supremo-receba-denuncia-contra-aecio-neves","status":"publish","type":"post","link":"https:\/\/www.caririemacao.com\/1\/2018\/03\/27\/raquel-dodge-pede-que-supremo-receba-denuncia-contra-aecio-neves\/","title":{"rendered":"Raquel Dodge pede que Supremo receba den\u00fancia contra A\u00e9cio Neves"},"content":{"rendered":"<p><span class=\"news_capital_letter\">E<\/span>m manifesta\u00e7\u00e3o encaminhada ao Supremo Tribunal Federal (STF), a procuradora-geral da Rep\u00fablica, Raquel Dodge, acusou o senador A\u00e9cio Neves (PSDB-MG) de usar o cargo para atingir objetivos esp\u00farios e reiterou o pedido para que a Corte receba a den\u00fancia apresentada contra o tucano pelos crimes de corrup\u00e7\u00e3o passiva e obstru\u00e7\u00e3o de Justi\u00e7a no \u00e2mbito da dela\u00e7\u00e3o feita por executivos da J&amp;F.<\/p>\n<p>A\u00e9cio foi gravado pedindo R$ 2 milh\u00f5es ao empres\u00e1rio Joesley Batista e \u00e9 acusado de tentar atrapalhar o andamento das investiga\u00e7\u00f5es da Opera\u00e7\u00e3o Lava Jato.<\/p>\n<p>Al\u00e9m de A\u00e9cio Neves, o ent\u00e3o procurador-geral da Rep\u00fablica, Rodrigo Janot, denunciou no ano passado Andrea Neves da Cunha, irm\u00e3 de A\u00e9cio, Frederico Pacheco de Medeiros, primo do senador conhecido como Fred, e Mendherson Souza Lima, ex-assessor parlamentar do senador Zez\u00e9 Perrella (MDB-MG).<\/p>\n<p>&#8220;O teor das articula\u00e7\u00f5es de A\u00e9cio Neves, obtidas por meio das intercepta\u00e7\u00f5es telef\u00f4nicas, ilustra de forma indubit\u00e1vel que a conduta do acusado, que procurou de todas as formas que estavam ao seu alcance livrar a si mesmo e a seus colegas das investiga\u00e7\u00f5es, n\u00e3o se cuidou de leg\u00edtimo exerc\u00edcio da atividade parlamentar&#8221;, observou a procuradora-geral da Rep\u00fablica.<\/p>\n<p>&#8220;Ao contr\u00e1rio, o senador vilipendiou de forma decisiva o escopo de um mandato eletivo e n\u00e3o poupou esfor\u00e7os para, valendo-se do cargo p\u00fablico, atingir seus objetivos esp\u00farios&#8221;, prosseguiu Raquel.<\/p>\n<p>Os acusados alegam haver ind\u00edcios de que o ent\u00e3o procurador Marcelo Miller atuou na elabora\u00e7\u00e3o da colabora\u00e7\u00e3o premiada, o que levaria \u00e0 anula\u00e7\u00e3o do acordo e as provas dele obtidas. Tamb\u00e9m argumentam que a grava\u00e7\u00e3o do di\u00e1logo mantido entre o senador tucano e o empres\u00e1rio Joesley Batista seria resultado de uma indu\u00e7\u00e3o e provoca\u00e7\u00e3o da pr\u00f3pria PGR, o que poderia ser caracterizada como a\u00e7\u00e3o controlada sem pr\u00e9via autoriza\u00e7\u00e3o judicial.<\/p>\n<p>&#8220;A circunst\u00e2ncia de Marcello Miller, entre o final de fevereiro e abril de 2017, quando ainda era Procurador da Rep\u00fablica, ter prestado &#8216;assessoria informal&#8217; aos executivos da J&amp;F, orientando-os acerca das colabora\u00e7\u00f5es premiadas que viriam a celebradas com a PGR em maio do mesmo ano, n\u00e3o retira de tais colabora\u00e7\u00f5es a condi\u00e7\u00e3o de serem manifesta\u00e7\u00f5es livres e conscientes de vontade dos colaboradores&#8221;, ponderou Raquel Dodge.<\/p>\n<p>&#8220;O acordo \u00e9 v\u00e1lido, mas por ter sido descumprida cl\u00e1usula pactuada, foi rescindido. A defesa utiliza argumentos sofistas para apontar conclus\u00e3o logicamente inconsistente, mas que lhe beneficia&#8221;, rebateu a procuradora-geral da Rep\u00fablica.<\/p>\n<p>Raquel ressaltou que a grava\u00e7\u00e3o clandestina de Joesley foi feita inteira e espontaneamente pelo colaborador e entregue \u00e0 PGR, &#8220;sem qualquer participa\u00e7\u00e3o do Minist\u00e9rio P\u00fablico Federal ou da Pol\u00edcia Federal&#8221;.<\/p>\n<p><strong>Defesa<\/strong><\/p>\n<p>O advogado Alberto Zacharias Toron, defensor de A\u00e9cio, disse em nota que a manifesta\u00e7\u00e3o de Raquel Dodge &#8220;foge dos argumentos centrais da defesa e se limita a repetir termos gen\u00e9ricos da den\u00fancia, revelando a fragilidade da acusa\u00e7\u00e3o&#8221;.<\/p>\n<p>&#8220;O senador A\u00e9cio Neves est\u00e1 convicto de que o STF promover\u00e1 a an\u00e1lise justa do caso, que demonstrar\u00e1 que ele e seus familiares n\u00e3o cometeram atos il\u00edcitos&#8221;, informou a defesa.<\/p>\n<p><strong>CARIRI EM A\u00c7\u00c3O<\/strong><\/p>\n<p><em>Com Estad\u00e3o\/Foto:\u00a0Ag\u00eancia Brasil<\/em><\/p>\n<p><strong>Leia mais not\u00edcias em\u00a0<\/strong><a href=\"http:\/\/www.caririemacao.com\/\"><strong>caririemacao.com<\/strong><\/a><strong>, siga nossa p\u00e1gina no\u00a0<\/strong><a href=\"https:\/\/www.facebook.com\/CaririEmAcao\/?ref=aymt_homepage_panel\"><strong>Facebook<\/strong><\/a>,<strong>\u00a0<\/strong><a href=\"https:\/\/www.instagram.com\/cariri_em_acao\/?hl=pt-br\"><strong>Instagram<\/strong><\/a><strong>\u00a0e\u00a0<\/strong><a href=\"https:\/\/www.youtube.com\/channel\/UCAptA0jQuYQy8vMhLt2m4qg\"><strong>Youtube<\/strong><\/a><strong>\u00a0e veja nossas mat\u00e9rias, v\u00eddeos e fotos. Voc\u00ea tamb\u00e9m pode enviar informa\u00e7\u00f5es \u00e0 Reda\u00e7\u00e3o do Portal Cariri em A\u00e7\u00e3o pelo WhatsApp (83) 9 9634.5791, (83) 9 9601-1162.<\/strong><\/p>\n","protected":false},"excerpt":{"rendered":"<p>Em manifesta\u00e7\u00e3o encaminhada ao Supremo Tribunal Federal (STF), a procuradora-geral da Rep\u00fablica, Raquel Dodge, acusou o senador A\u00e9cio Neves (PSDB-MG) de usar o cargo para&hellip; <\/p>\n","protected":false},"author":2,"featured_media":45489,"comment_status":"closed","ping_status":"closed","sticky":false,"template":"","format":"standard","meta":{"sfsi_plus_gutenberg_text_before_share":"","sfsi_plus_gutenberg_show_text_before_share":"","sfsi_plus_gutenberg_icon_type":"","sfsi_plus_gutenberg_icon_alignemt":"","sfsi_plus_gutenburg_max_per_row":"","footnotes":""},"categories":[11],"tags":[],"class_list":["post-45488","post","type-post","status-publish","format-standard","has-post-thumbnail","hentry","category-politica"],"_links":{"self":[{"href":"https:\/\/www.caririemacao.com\/1\/wp-json\/wp\/v2\/posts\/45488","targetHints":{"allow":["GET"]}}],"collection":[{"href":"https:\/\/www.caririemacao.com\/1\/wp-json\/wp\/v2\/posts"}],"about":[{"href":"https:\/\/www.caririemacao.com\/1\/wp-json\/wp\/v2\/types\/post"}],"author":[{"embeddable":true,"href":"https:\/\/www.caririemacao.com\/1\/wp-json\/wp\/v2\/users\/2"}],"replies":[{"embeddable":true,"href":"https:\/\/www.caririemacao.com\/1\/wp-json\/wp\/v2\/comments?post=45488"}],"version-history":[{"count":0,"href":"https:\/\/www.caririemacao.com\/1\/wp-json\/wp\/v2\/posts\/45488\/revisions"}],"wp:featuredmedia":[{"embeddable":true,"href":"https:\/\/www.caririemacao.com\/1\/wp-json\/wp\/v2\/media\/45489"}],"wp:attachment":[{"href":"https:\/\/www.caririemacao.com\/1\/wp-json\/wp\/v2\/media?parent=45488"}],"wp:term":[{"taxonomy":"category","embeddable":true,"href":"https:\/\/www.caririemacao.com\/1\/wp-json\/wp\/v2\/categories?post=45488"},{"taxonomy":"post_tag","embeddable":true,"href":"https:\/\/www.caririemacao.com\/1\/wp-json\/wp\/v2\/tags?post=45488"}],"curies":[{"name":"wp","href":"https:\/\/api.w.org\/{rel}","templated":true}]}}