{"id":45494,"date":"2018-03-27T20:00:43","date_gmt":"2018-03-27T23:00:43","guid":{"rendered":"http:\/\/caririemacao.com\/1\/?p=45494"},"modified":"2018-03-28T08:37:00","modified_gmt":"2018-03-28T11:37:00","slug":"ministerio-publico-federal-denuncia-cabral-pela-22a-vez","status":"publish","type":"post","link":"https:\/\/www.caririemacao.com\/1\/2018\/03\/27\/ministerio-publico-federal-denuncia-cabral-pela-22a-vez\/","title":{"rendered":"Minist\u00e9rio P\u00fablico Federal denuncia Cabral, pela 22\u00aa vez"},"content":{"rendered":"<p><span class=\"news_capital_letter\">O\u00a0<\/span>Minist\u00e9rio P\u00fablico Federal (MPF) no Rio de Janeiro denunciou o ex-governador do estado S\u00e9rgio Cabral por crimes de corrup\u00e7\u00e3o e lavagem de dinheiro. \u00c9 a 22\u00aa den\u00fancia contra Cabral no \u00e2mbito da Opera\u00e7\u00e3o Lava Jato. Tamb\u00e9m foi denunciado o ex-presidente da Federa\u00e7\u00e3o do Com\u00e9rcio no Estado do Rio de Janeiro (Fecom\u00e9rcio-RJ) Orlando Diniz. A informa\u00e7\u00e3o foi divulgada nesta ter\u00e7a-feira (27) pela assessoria do MPF. A for\u00e7a-tarefa da Lava Jato no Rio denunciou Diniz por crimes de corrup\u00e7\u00e3o, lavagem de dinheiro e organiza\u00e7\u00e3o criminosa. Cabral e mais 11 pessoas foram denunciadas por corrup\u00e7\u00e3o e\/ou lavagem de dinheiro. Em fevereiro passado, Diniz foi preso na Opera\u00e7\u00e3o Jabuti. Segundo o MPF, como presidente da Fecom\u00e9rcio, ele foi respons\u00e1vel pelo desvio de pelo menos R$ 10 milh\u00f5es dos cofres p\u00fablicos. De acordo com o MPF, o sistema Fecom\u00e9rcio no Rio conta com or\u00e7amento anual de cerca de R$ 1 bilh\u00e3o.<\/p>\n<p>\u201cO presidente da Fecom\u00e9rcio valeu-se por diversas vezes do esquema de lavagem de dinheiro que tinha \u00e0 frente os operadores financeiros de Cabral, ocultando e dissimulando a origem il\u00edcita de mais de R$ 3 milh\u00f5es. H\u00e1 ind\u00edcios de que Diniz desviava recursos p\u00fablicos federais do or\u00e7amento do Sesc e do Senac. Al\u00e9m disso, a pedido de Cabral, Diniz contratou diversos funcion\u00e1rios fantasmas, num esquema que movimentou quase R$ 6 milh\u00f5es\u201d, sustentou o MPF, em nota divulgada \u00e0 imprensa.<\/p>\n<p>A defesa de S\u00e9rgio Cabral foi procurada para se pronunciar sobre a den\u00fancia, mas ainda n\u00e3o havia se manifestado at\u00e9 a publica\u00e7\u00e3o desta mat\u00e9ria. Os defensores de Orlando Diniz n\u00e3o foram localizados.<\/p>\n<p><strong>CARIRI EM A\u00c7\u00c3O<\/strong><\/p>\n<p><em>Com Ag\u00eancia Brasil\/Foto: Reprodu\u00e7\u00e3o google<\/em><\/p>\n<p><strong>Leia mais not\u00edcias em\u00a0<\/strong><a href=\"http:\/\/www.caririemacao.com\/\"><strong>caririemacao.com<\/strong><\/a><strong>, siga nossa p\u00e1gina no\u00a0<\/strong><a href=\"https:\/\/www.facebook.com\/CaririEmAcao\/?ref=aymt_homepage_panel\"><strong>Facebook<\/strong><\/a>,<strong>\u00a0<\/strong><a href=\"https:\/\/www.instagram.com\/cariri_em_acao\/?hl=pt-br\"><strong>Instagram<\/strong><\/a><strong>\u00a0e\u00a0<\/strong><a href=\"https:\/\/www.youtube.com\/channel\/UCAptA0jQuYQy8vMhLt2m4qg\"><strong>Youtube<\/strong><\/a><strong>\u00a0e veja nossas mat\u00e9rias, v\u00eddeos e fotos. Voc\u00ea tamb\u00e9m pode enviar informa\u00e7\u00f5es \u00e0 Reda\u00e7\u00e3o do Portal Cariri em A\u00e7\u00e3o pelo WhatsApp (83) 9 9634.5791, (83) 9 9601-1162.<\/strong><\/p>\n","protected":false},"excerpt":{"rendered":"<p>O\u00a0Minist\u00e9rio P\u00fablico Federal (MPF) no Rio de Janeiro denunciou o ex-governador do estado S\u00e9rgio Cabral por crimes de corrup\u00e7\u00e3o e lavagem de dinheiro. \u00c9 a&hellip; <\/p>\n","protected":false},"author":2,"featured_media":45495,"comment_status":"closed","ping_status":"closed","sticky":false,"template":"","format":"standard","meta":{"sfsi_plus_gutenberg_text_before_share":"","sfsi_plus_gutenberg_show_text_before_share":"","sfsi_plus_gutenberg_icon_type":"","sfsi_plus_gutenberg_icon_alignemt":"","sfsi_plus_gutenburg_max_per_row":"","footnotes":""},"categories":[11],"tags":[],"class_list":["post-45494","post","type-post","status-publish","format-standard","has-post-thumbnail","hentry","category-politica"],"_links":{"self":[{"href":"https:\/\/www.caririemacao.com\/1\/wp-json\/wp\/v2\/posts\/45494","targetHints":{"allow":["GET"]}}],"collection":[{"href":"https:\/\/www.caririemacao.com\/1\/wp-json\/wp\/v2\/posts"}],"about":[{"href":"https:\/\/www.caririemacao.com\/1\/wp-json\/wp\/v2\/types\/post"}],"author":[{"embeddable":true,"href":"https:\/\/www.caririemacao.com\/1\/wp-json\/wp\/v2\/users\/2"}],"replies":[{"embeddable":true,"href":"https:\/\/www.caririemacao.com\/1\/wp-json\/wp\/v2\/comments?post=45494"}],"version-history":[{"count":0,"href":"https:\/\/www.caririemacao.com\/1\/wp-json\/wp\/v2\/posts\/45494\/revisions"}],"wp:featuredmedia":[{"embeddable":true,"href":"https:\/\/www.caririemacao.com\/1\/wp-json\/wp\/v2\/media\/45495"}],"wp:attachment":[{"href":"https:\/\/www.caririemacao.com\/1\/wp-json\/wp\/v2\/media?parent=45494"}],"wp:term":[{"taxonomy":"category","embeddable":true,"href":"https:\/\/www.caririemacao.com\/1\/wp-json\/wp\/v2\/categories?post=45494"},{"taxonomy":"post_tag","embeddable":true,"href":"https:\/\/www.caririemacao.com\/1\/wp-json\/wp\/v2\/tags?post=45494"}],"curies":[{"name":"wp","href":"https:\/\/api.w.org\/{rel}","templated":true}]}}