{"id":45798,"date":"2018-03-29T10:14:23","date_gmt":"2018-03-29T13:14:23","guid":{"rendered":"http:\/\/caririemacao.com\/1\/?p=45798"},"modified":"2018-03-29T10:14:23","modified_gmt":"2018-03-29T13:14:23","slug":"defesa-de-lula-diz-esperar-que-ministra-do-stf-nao-ceda-a-apelo-de-moro","status":"publish","type":"post","link":"https:\/\/www.caririemacao.com\/1\/2018\/03\/29\/defesa-de-lula-diz-esperar-que-ministra-do-stf-nao-ceda-a-apelo-de-moro\/","title":{"rendered":"Defesa de Lula diz esperar que ministra do STF n\u00e3o ceda a apelo de Moro"},"content":{"rendered":"<p><span class=\"news_capital_letter\">A\u00a0<\/span>defesa do ex-presidente Luiz In\u00e1cio Lula da Silva disse, na \u00faltima quarta (28), esperar que a ministra do STF Rosa Weber n\u00e3o ceda, na discuss\u00e3o sobre a concess\u00e3o ou n\u00e3o do habeas corpus do petista, a pedidos de &#8220;ex-assessores ou integrantes do sistema de justi\u00e7a&#8221;, numa refer\u00eancia ao juiz Sergio Moro.<\/p>\n<p>Na \u00faltima segunda (26), Moro &#8211; que auxiliou Weber no caso do mensal\u00e3o\u00a0&#8211;\u00a0elogiou a &#8220;seriedade e qualidade t\u00e9cnica&#8221; da ministra, durante entrevista ao programa Roda Viva, e disse esperar que o STF n\u00e3o volte atr\u00e1s na permiss\u00e3o de pris\u00e3o ap\u00f3s condena\u00e7\u00e3o em segunda inst\u00e2ncia.<\/p>\n<p>A declara\u00e7\u00e3o foi interpretada como um recado a Weber, cujo voto \u00e9 considerado crucial na decis\u00e3o sobre o habeas corpus de Lula, que ser\u00e1 discutido na pr\u00f3xima quarta (4).<\/p>\n<p>&#8220;Eu s\u00f3 espero que a ministra aplique a Constitui\u00e7\u00e3o Federal vigente, independentemente de qualquer apelo que seja feito a ela por ex-assessores ou integrantes do sistema de justi\u00e7a&#8221;, disse Cristiano Zanin Martins, advogado do ex-presidente, \u00e0 reportagem.<\/p>\n<p>Zanin afirmou confiar na &#8220;for\u00e7a jur\u00eddica&#8221; do pedido de habeas corpus preventivo apresentado e disse acreditar que o Supremo o conceder\u00e1 ao ex-presidente.<\/p>\n<p>O TRF-4 (Tribunal Regional Federal da 4\u00aa Regi\u00e3o) negou, na \u00faltima segunda (26), mudar o teor da decis\u00e3o que condenou Lula no caso tr\u00edplex, abrindo caminho para o cumprimento da pris\u00e3o do petista.<\/p>\n<p>Na ter\u00e7a (27), o tribunal publicou o ac\u00f3rd\u00e3o (decis\u00e3o colegiada) do julgamento. A defesa de Lula tem dez dias para acessar o ac\u00f3rd\u00e3o &#8211; e mais dois dias, a partir do acesso, para recorrer.<\/p>\n<p>Nesta quarta, Zanin sugeriu que a defesa vai mesmo optar por apresentar os &#8220;embargos de declara\u00e7\u00e3o dos embargos de declara\u00e7\u00e3o&#8221;, recurso que normalmente n\u00e3o tem sido aceito pelo TRF-4.<\/p>\n<p>&#8220;N\u00e3o foi definido [o tipo de recurso]. Vai depender da verifica\u00e7\u00e3o se todas as omiss\u00f5es e contradi\u00e7\u00f5es que hav\u00edamos apontado nos embargos de declara\u00e7\u00e3o foram analisados. Se algum n\u00e3o tiver sido analisado, em tese precisaremos de novos embargos&#8221;, disse.<\/p>\n<p>A outra op\u00e7\u00e3o seria apresentar recursos aos tribunais superiores, STJ (Superior Tribunal de Justi\u00e7a) e STF (Supremo Tribunal Federal).<\/p>\n<p>O advogado disse n\u00e3o ter acessado ainda o ac\u00f3rd\u00e3o. Questionado se a defesa aguardar\u00e1 a defini\u00e7\u00e3o sobre o habeas corpus no STF para dar o pr\u00f3ximo passo, Zanin afirmou que isso n\u00e3o est\u00e1 definido.<\/p>\n<p><strong>CARIRI EM A\u00c7\u00c3O<\/strong><\/p>\n<p><em>Com Folhapress\/Foto:\u00a0Paulo Pinto<\/em><\/p>\n<p><strong>Leia mais not\u00edcias em\u00a0<\/strong><a href=\"http:\/\/www.caririemacao.com\/\"><strong>caririemacao.com<\/strong><\/a><strong>, siga nossa p\u00e1gina no\u00a0<\/strong><a href=\"https:\/\/www.facebook.com\/CaririEmAcao\/?ref=aymt_homepage_panel\"><strong>Facebook<\/strong><\/a>,<strong>\u00a0<\/strong><a href=\"https:\/\/www.instagram.com\/cariri_em_acao\/?hl=pt-br\"><strong>Instagram<\/strong><\/a><strong>\u00a0e\u00a0<\/strong><a href=\"https:\/\/www.youtube.com\/channel\/UCAptA0jQuYQy8vMhLt2m4qg\"><strong>Youtube<\/strong><\/a><strong>\u00a0e veja nossas mat\u00e9rias, v\u00eddeos e fotos. Voc\u00ea tamb\u00e9m pode enviar informa\u00e7\u00f5es \u00e0 Reda\u00e7\u00e3o do Portal Cariri em A\u00e7\u00e3o pelo WhatsApp (83) 9 9634.5791, (83) 9 9601-1162.<\/strong><\/p>\n","protected":false},"excerpt":{"rendered":"<p>A\u00a0defesa do ex-presidente Luiz In\u00e1cio Lula da Silva disse, na \u00faltima quarta (28), esperar que a ministra do STF Rosa Weber n\u00e3o ceda, na discuss\u00e3o&hellip; <\/p>\n","protected":false},"author":2,"featured_media":45799,"comment_status":"closed","ping_status":"closed","sticky":false,"template":"","format":"standard","meta":{"sfsi_plus_gutenberg_text_before_share":"","sfsi_plus_gutenberg_show_text_before_share":"","sfsi_plus_gutenberg_icon_type":"","sfsi_plus_gutenberg_icon_alignemt":"","sfsi_plus_gutenburg_max_per_row":"","footnotes":""},"categories":[11],"tags":[],"class_list":["post-45798","post","type-post","status-publish","format-standard","has-post-thumbnail","hentry","category-politica"],"_links":{"self":[{"href":"https:\/\/www.caririemacao.com\/1\/wp-json\/wp\/v2\/posts\/45798","targetHints":{"allow":["GET"]}}],"collection":[{"href":"https:\/\/www.caririemacao.com\/1\/wp-json\/wp\/v2\/posts"}],"about":[{"href":"https:\/\/www.caririemacao.com\/1\/wp-json\/wp\/v2\/types\/post"}],"author":[{"embeddable":true,"href":"https:\/\/www.caririemacao.com\/1\/wp-json\/wp\/v2\/users\/2"}],"replies":[{"embeddable":true,"href":"https:\/\/www.caririemacao.com\/1\/wp-json\/wp\/v2\/comments?post=45798"}],"version-history":[{"count":0,"href":"https:\/\/www.caririemacao.com\/1\/wp-json\/wp\/v2\/posts\/45798\/revisions"}],"wp:featuredmedia":[{"embeddable":true,"href":"https:\/\/www.caririemacao.com\/1\/wp-json\/wp\/v2\/media\/45799"}],"wp:attachment":[{"href":"https:\/\/www.caririemacao.com\/1\/wp-json\/wp\/v2\/media?parent=45798"}],"wp:term":[{"taxonomy":"category","embeddable":true,"href":"https:\/\/www.caririemacao.com\/1\/wp-json\/wp\/v2\/categories?post=45798"},{"taxonomy":"post_tag","embeddable":true,"href":"https:\/\/www.caririemacao.com\/1\/wp-json\/wp\/v2\/tags?post=45798"}],"curies":[{"name":"wp","href":"https:\/\/api.w.org\/{rel}","templated":true}]}}