{"id":45916,"date":"2018-03-30T21:59:47","date_gmt":"2018-03-31T00:59:47","guid":{"rendered":"http:\/\/caririemacao.com\/1\/?p=45916"},"modified":"2018-03-30T22:04:21","modified_gmt":"2018-03-31T01:04:21","slug":"programa-agua-doce-e-prefeitura-realizam-cadastros-de-familias-na-comunidade-da-passagem","status":"publish","type":"post","link":"https:\/\/www.caririemacao.com\/1\/2018\/03\/30\/programa-agua-doce-e-prefeitura-realizam-cadastros-de-familias-na-comunidade-da-passagem\/","title":{"rendered":"Programa \u00c1gua Doce e Prefeitura realizam cadastros de fam\u00edlias na comunidade da passagem"},"content":{"rendered":"<p>A Prefeitura Municipal de Cara\u00fabas e a coordena\u00e7\u00e3o do Programa \u00c1gua Doce do governo do Estado da Para\u00edba, realizaram no \u00faltimo dia 14, o cadastramento das fam\u00edlias que ser\u00e3o contempladas com a distribui\u00e7\u00e3o de \u00e1gua doce do sistema instalado naquela comunidade.<\/p>\n<p>De acordo com a t\u00e9cnica Ver\u00f4nica, do \u00c1gua Doce, o sistema j\u00e1 est\u00e1 pronto para funcionamento, tendo sido instalados os equipamentos necess\u00e1rios para o processo de dessaliniza\u00e7\u00e3o da \u00e1gua e que agora resta apenas a parte que estamos realizando, que \u00e9 exatamente o cadastramento das fam\u00edlias e o acordo de gest\u00e3o que ser\u00e1 feito em reuni\u00e3o agendada para o dia 4\/4.<\/p>\n<p>Ainda de acordo com a coordena\u00e7\u00e3o do PAD, o sistema dever\u00e1 atender mais de 200 (duzentas) fam\u00edlias da comunidade da Passagem e povoados vizinhos com \u00e1gua de boa qualidade seguindo as orienta\u00e7\u00f5es dos \u00f3rg\u00e3os de controle da sa\u00fade. Nossa maior satisfa\u00e7\u00e3o \u00e9 saber que depois de tanto tempo de luta, estamos chegando ao momento mais marcante para cada fam\u00edlia que aqui hoje se cadastra, a entrega do sistema totalmente funcionando, afirmou ela.<\/p>\n<p>O secret\u00e1rio da agricultura, Rone Feitoza, esteve representando o munic\u00edpio no ato de cadastramento e disse que a inten\u00e7\u00e3o do prefeito \u00e9 entregar os 03 (tr\u00eas) sistema do referido Programa, das comunidades de Passagem, Curralinho e Frades durante o transcurso de anivers\u00e1rio do munic\u00edpio no pr\u00f3ximo m\u00eas de maio, quando haver\u00e1 grandes solenidades de entrega de obras p\u00fablicas, afirmou o secret\u00e1rio.<\/p>\n<p>Acredito que muitas fam\u00edlias ainda n\u00e3o est\u00e3o aqui para realizar o cadastro por falta de informa\u00e7\u00e3o da import\u00e2ncia desse Programa para o semi\u00e1rido, uma vez que vem tornando vi\u00e1vel a perman\u00eancia de milhares de fam\u00edlias no campo, por transformar \u00e1gua salgada e impr\u00f3pria para o consumo humano em \u00e1gua doce, de qualidade e pronta para ser consumida por qualquer pessoa, disse ele.<\/p>\n<p><strong>CARIRI EM A\u00c7\u00c3O<\/strong><\/p>\n<p><em>Com \u00a0Seplacom \/Foto: Rom\u00e1rio<\/em><\/p>\n<p><strong>Leia mais not\u00edcias em\u00a0<\/strong><a href=\"http:\/\/www.caririemacao.com\/\"><strong>caririemacao.com<\/strong><\/a><strong>, siga nossa p\u00e1gina no\u00a0<\/strong><a href=\"https:\/\/www.facebook.com\/CaririEmAcao\/?ref=aymt_homepage_panel\"><strong>Facebook<\/strong><\/a>,<strong>\u00a0<\/strong><a href=\"https:\/\/www.instagram.com\/cariri_em_acao\/?hl=pt-br\"><strong>Instagram<\/strong><\/a><strong>\u00a0e <\/strong><a href=\"https:\/\/www.youtube.com\/channel\/UCAptA0jQuYQy8vMhLt2m4qg\"><strong>Youtube<\/strong><\/a><strong>\u00a0e veja nossas mat\u00e9rias, v\u00eddeos e fotos. Voc\u00ea tamb\u00e9m pode enviar informa\u00e7\u00f5es \u00e0 Reda\u00e7\u00e3o do Portal Cariri em A\u00e7\u00e3o pelo WhatsApp (83) 9 9634.5791, (83) 9 9601-1162.<\/strong><\/p>\n","protected":false},"excerpt":{"rendered":"<p>A Prefeitura Municipal de Cara\u00fabas e a coordena\u00e7\u00e3o do Programa \u00c1gua Doce do governo do Estado da Para\u00edba, realizaram no \u00faltimo dia 14, o cadastramento&hellip; <\/p>\n","protected":false},"author":2,"featured_media":45918,"comment_status":"closed","ping_status":"closed","sticky":false,"template":"","format":"standard","meta":{"sfsi_plus_gutenberg_text_before_share":"","sfsi_plus_gutenberg_show_text_before_share":"","sfsi_plus_gutenberg_icon_type":"","sfsi_plus_gutenberg_icon_alignemt":"","sfsi_plus_gutenburg_max_per_row":"","footnotes":""},"categories":[6],"tags":[],"class_list":["post-45916","post","type-post","status-publish","format-standard","has-post-thumbnail","hentry","category-cidades"],"_links":{"self":[{"href":"https:\/\/www.caririemacao.com\/1\/wp-json\/wp\/v2\/posts\/45916","targetHints":{"allow":["GET"]}}],"collection":[{"href":"https:\/\/www.caririemacao.com\/1\/wp-json\/wp\/v2\/posts"}],"about":[{"href":"https:\/\/www.caririemacao.com\/1\/wp-json\/wp\/v2\/types\/post"}],"author":[{"embeddable":true,"href":"https:\/\/www.caririemacao.com\/1\/wp-json\/wp\/v2\/users\/2"}],"replies":[{"embeddable":true,"href":"https:\/\/www.caririemacao.com\/1\/wp-json\/wp\/v2\/comments?post=45916"}],"version-history":[{"count":0,"href":"https:\/\/www.caririemacao.com\/1\/wp-json\/wp\/v2\/posts\/45916\/revisions"}],"wp:featuredmedia":[{"embeddable":true,"href":"https:\/\/www.caririemacao.com\/1\/wp-json\/wp\/v2\/media\/45918"}],"wp:attachment":[{"href":"https:\/\/www.caririemacao.com\/1\/wp-json\/wp\/v2\/media?parent=45916"}],"wp:term":[{"taxonomy":"category","embeddable":true,"href":"https:\/\/www.caririemacao.com\/1\/wp-json\/wp\/v2\/categories?post=45916"},{"taxonomy":"post_tag","embeddable":true,"href":"https:\/\/www.caririemacao.com\/1\/wp-json\/wp\/v2\/tags?post=45916"}],"curies":[{"name":"wp","href":"https:\/\/api.w.org\/{rel}","templated":true}]}}