{"id":45920,"date":"2018-03-30T22:05:59","date_gmt":"2018-03-31T01:05:59","guid":{"rendered":"http:\/\/caririemacao.com\/1\/?p=45920"},"modified":"2018-03-30T22:05:59","modified_gmt":"2018-03-31T01:05:59","slug":"prefeitura-de-caraubas-distribui-pescado-com-familias-cadastradas-do-bolsa-familia","status":"publish","type":"post","link":"https:\/\/www.caririemacao.com\/1\/2018\/03\/30\/prefeitura-de-caraubas-distribui-pescado-com-familias-cadastradas-do-bolsa-familia\/","title":{"rendered":"Prefeitura de Cara\u00fabas distribui pescado com fam\u00edlias cadastradas do bolsa fam\u00edlia"},"content":{"rendered":"<p>A Prefeitura Municipal de Cara\u00fabas atrav\u00e9s da Secretaria da Assist\u00eancia Social realizou a tradicional distribui\u00e7\u00e3o de peixe na Semana Santa com as mais de 600 (seiscentas) fam\u00edlias benefici\u00e1rias do Programa Bolsa Fam\u00edlia do munic\u00edpio de Cara\u00fabas, consideradas de baixa renda.<\/p>\n<p>De acordo com a Secret\u00e1ria da Assist\u00eancia Social, Fl\u00e1via Quirino, cada fam\u00edlia recebeu em m\u00e9dia 2kg de peixe da esp\u00e9cie til\u00e1pia, uma vez que na an\u00e1lise realizada pela assist\u00eancia social essas fam\u00edlias s\u00e3o consideradas as mais necessitadas, n\u00e3o por estarem inscritas apenas no Programa, mas acima de tudo pela condi\u00e7\u00e3o social que as mesmas se encontram.<\/p>\n<p>Estamos realizando um trabalho \u00e1rduo de recupera\u00e7\u00e3o e de conviv\u00eancia com centenas de fam\u00edlias caraubenses e n\u00e3o seria diferente de anos anteriores deixar de entregar na Semana Santa o tradicional pescado para que essas fam\u00edlias tamb\u00e9m possam saciar de sua fome, seguindo o exemplo da partilha dos p\u00e3es e do peixe realizada pela Salvador do mundo, Jesus Cristo, disse Fl\u00e1via.<\/p>\n<p>O prefeito Silvano Dudu participou ativamente da entrega e se utilizou da passagem b\u00edblica de Prov\u00e9rbios 29 que diz: \u201cQuando os justos governam, alegra-se o povo; mas quando o \u00edmpio domina, o povo geme\u201d. Temos respeito pelo povo que mais necessita do Poder P\u00fablico pelas suas necessidades di\u00e1rias. Nossa miss\u00e3o \u00e9 muito mais que administrar um patrim\u00f4nio de pedras e cal, mas de levar assist\u00eancia a quem mais precisa, afirmou o prefeito.<\/p>\n<p>Quero parabenizar o bel\u00edssimo trabalho que esta sendo realizado pela secretaria da Assist\u00eancia Social por interm\u00e9dio da secret\u00e1ria Flavia Quirino e toda sua equipe, gra\u00e7as a desenvoltura e dedica\u00e7\u00e3o de cada um tem sido poss\u00edvel levar a\u00e7\u00f5es importantes como esta a centenas de fam\u00edlias, disse Silvano Dudu.<\/p>\n<p>A Prefeitura comprou mais de meia tonelada de pescado e distribui em tr\u00eas localidades estrat\u00e9gicas, no Distrito de Barreiras, na comunidade da Passagem e na cidade de Cara\u00fabas com todas as fam\u00edlias cadastradas e benefici\u00e1rias do Programa Bolsa Fam\u00edlia. Ao receberem o pescado, as fam\u00edlias felizes, agradeceram ao prefeito pela lembran\u00e7a e entrega do pescado que servir\u00e1 de alimento neste per\u00edodo da Semana Santa.<\/p>\n<p><strong>CARIRI EM A\u00c7\u00c3O<\/strong><\/p>\n<p><em>Com \u00a0Seplacom \/Foto: Rom\u00e1rio<\/em><\/p>\n<p><strong>Leia mais not\u00edcias em\u00a0<\/strong><a href=\"http:\/\/www.caririemacao.com\/\"><strong>caririemacao.com<\/strong><\/a><strong>, siga nossa p\u00e1gina no\u00a0<\/strong><a href=\"https:\/\/www.facebook.com\/CaririEmAcao\/?ref=aymt_homepage_panel\"><strong>Facebook<\/strong><\/a>,<strong>\u00a0<\/strong><a href=\"https:\/\/www.instagram.com\/cariri_em_acao\/?hl=pt-br\"><strong>Instagram<\/strong><\/a><strong>\u00a0e <\/strong><a href=\"https:\/\/www.youtube.com\/channel\/UCAptA0jQuYQy8vMhLt2m4qg\"><strong>Youtube<\/strong><\/a><strong>\u00a0e veja nossas mat\u00e9rias, v\u00eddeos e fotos. Voc\u00ea tamb\u00e9m pode enviar informa\u00e7\u00f5es \u00e0 Reda\u00e7\u00e3o do Portal Cariri em A\u00e7\u00e3o pelo WhatsApp (83) 9 9634.5791, (83) 9 9601-1162.<\/strong><\/p>\n","protected":false},"excerpt":{"rendered":"<p>A Prefeitura Municipal de Cara\u00fabas atrav\u00e9s da Secretaria da Assist\u00eancia Social realizou a tradicional distribui\u00e7\u00e3o de peixe na Semana Santa com as mais de 600&hellip; <\/p>\n","protected":false},"author":2,"featured_media":45919,"comment_status":"closed","ping_status":"closed","sticky":false,"template":"","format":"standard","meta":{"sfsi_plus_gutenberg_text_before_share":"","sfsi_plus_gutenberg_show_text_before_share":"","sfsi_plus_gutenberg_icon_type":"","sfsi_plus_gutenberg_icon_alignemt":"","sfsi_plus_gutenburg_max_per_row":"","footnotes":""},"categories":[2],"tags":[],"class_list":["post-45920","post","type-post","status-publish","format-standard","has-post-thumbnail","hentry","category-geral"],"_links":{"self":[{"href":"https:\/\/www.caririemacao.com\/1\/wp-json\/wp\/v2\/posts\/45920","targetHints":{"allow":["GET"]}}],"collection":[{"href":"https:\/\/www.caririemacao.com\/1\/wp-json\/wp\/v2\/posts"}],"about":[{"href":"https:\/\/www.caririemacao.com\/1\/wp-json\/wp\/v2\/types\/post"}],"author":[{"embeddable":true,"href":"https:\/\/www.caririemacao.com\/1\/wp-json\/wp\/v2\/users\/2"}],"replies":[{"embeddable":true,"href":"https:\/\/www.caririemacao.com\/1\/wp-json\/wp\/v2\/comments?post=45920"}],"version-history":[{"count":0,"href":"https:\/\/www.caririemacao.com\/1\/wp-json\/wp\/v2\/posts\/45920\/revisions"}],"wp:featuredmedia":[{"embeddable":true,"href":"https:\/\/www.caririemacao.com\/1\/wp-json\/wp\/v2\/media\/45919"}],"wp:attachment":[{"href":"https:\/\/www.caririemacao.com\/1\/wp-json\/wp\/v2\/media?parent=45920"}],"wp:term":[{"taxonomy":"category","embeddable":true,"href":"https:\/\/www.caririemacao.com\/1\/wp-json\/wp\/v2\/categories?post=45920"},{"taxonomy":"post_tag","embeddable":true,"href":"https:\/\/www.caririemacao.com\/1\/wp-json\/wp\/v2\/tags?post=45920"}],"curies":[{"name":"wp","href":"https:\/\/api.w.org\/{rel}","templated":true}]}}