{"id":45951,"date":"2018-03-30T23:15:52","date_gmt":"2018-03-31T02:15:52","guid":{"rendered":"http:\/\/caririemacao.com\/1\/?p=45951"},"modified":"2018-03-30T23:15:52","modified_gmt":"2018-03-31T02:15:52","slug":"maes-nao-devem-dormir-com-bebes-alerta-pediatra","status":"publish","type":"post","link":"https:\/\/www.caririemacao.com\/1\/2018\/03\/30\/maes-nao-devem-dormir-com-bebes-alerta-pediatra\/","title":{"rendered":"M\u00e3es n\u00e3o devem dormir com beb\u00eas, alerta pediatra"},"content":{"rendered":"<p>Um beb\u00ea foi morto sufocado ap\u00f3s a m\u00e3e, de 19 anos, ter dormido sobre ele. O\u00a0<strong>caso aconteceu em 6 de janeiro na cidade de Santa Rita<\/strong>, na Grande Jo\u00e3o Pessoa, e teve grande repercuss\u00e3o em todo o estado. O\u00a0pediatra Leonardo Cabral,\u00a0do Hospital Universit\u00e1rio Lauro Wanderley (HULW), alerta que m\u00e3es n\u00e3o devem dormir com beb\u00eas para evitar trag\u00e9dias como essa.<\/p>\n<p>\u201cA primeira grande orienta\u00e7\u00e3o a ser dada \u00e0s m\u00e3es que amamentam \u00e9 que o fa\u00e7am de forma segura, preferencialmente sentada com apoio e conforto para a m\u00e3e e para o beb\u00ea, jamais deitada. Essa medida j\u00e1 seria importante para evitar sufoca\u00e7\u00f5es tanto como a situa\u00e7\u00e3o que ocorreu, como tamb\u00e9m atrav\u00e9s de regurgita\u00e7\u00f5es e broncoaspira\u00e7\u00f5es\u201d, orientou o m\u00e9dico.<\/p>\n<p>Leonardo ainda norteou as m\u00e3es de primeira viagem sobre a necessidade de dormir com os filhos. \u201cA indica\u00e7\u00e3o \u00e9 que, o quanto antes, o beb\u00ea tenha o seu local pr\u00f3prio para dormir, seja um quarto exclusivo ou, ao menos, o seu ber\u00e7o. \u00c9 normal que a m\u00e3e queira estar por perto por v\u00e1rios motivos, desde afeto, saudade, inseguran\u00e7a ou at\u00e9 mesmo para facilitar na hora da amamenta\u00e7\u00e3o. Por isso, uma boa sa\u00edda nos primeiros 60 dias seria colocar o ber\u00e7o ao lado da cama, desde que a m\u00e3e esteja ciente de se levantar e sentar para amamentar e que logo depois recoloque-o no ber\u00e7o\u201d.<\/p>\n<p>O m\u00e9dico deu \u00eanfase sobre o assunto para que a pr\u00e1tica de dormir com eles seja abolida. \u201cPor mais prazeroso que possa aparentar que \u00e9 dormir ao lado do nosso filho, sentindo o cheiro e confortando-o, devemos ter em mente que essa pr\u00e1tica, sobretudo na primeira inf\u00e2ncia, deve ser desencoraja. Inicialmente para evitar esse tipo de incidente que ocorreu h\u00e1 alguns dias na cidade de Santa Rita, uma vez que o rec\u00e9m-nascido encontra-se totalmente indefeso devido \u00e0 diferen\u00e7a de tamanho e peso entre ele e os pais, e, posteriormente, quando a crian\u00e7a \u00e9 um pouco maior, ainda h\u00e1 documentado o preju\u00edzo psicol\u00f3gico que ocorre com essas crian\u00e7as que dormem sempre na cama com os pais, pois tornam-se cada vez mais dependentes e inseguras\u201d.<\/p>\n<p>O medo do beb\u00ea sofrer morte s\u00fabita tamb\u00e9m \u00e9 recorrente durante a maternidade. Sobre isso, o pediatra orientou sobre a posi\u00e7\u00e3o adequada para diminuir o risco.<\/p>\n<p>\u201cA melhor posi\u00e7\u00e3o seria em dec\u00fabito lateral, ou seja, deitar de ladinho. Isso \u00e9 poss\u00edvel com a ajuda de travesseiros e \u201crolos\u201d colocados ao lado dos beb\u00eas, que fixam o posicionamento na cama. Por\u00e9m, como as vezes isso n\u00e3o \u00e9 poss\u00edvel, indicamos a posi\u00e7\u00e3o \u201csupina\u201d, que seria com as costas para o ber\u00e7o e a face para cima. Finalizando, o que temos de consenso na literatura mundial em Pediatria \u00e9 a contraindica\u00e7\u00e3o da posi\u00e7\u00e3o \u201cprona\u201c (barriga e face virados para baixo), uma vez que est\u00e1 bastante associada aos quadros de morte s\u00fabita antes dos 2 anos de idade\u201d.<\/p>\n<p><strong>Entenda o caso<\/strong><\/p>\n<p>Sobre o beb\u00ea foi morto sufocado no dia 6 de janeiro, a Delegacia da Inf\u00e2ncia e Juventude de Jo\u00e3o Pessoa alegou que s\u00f3 o delegado do caso pode julgar se houve crime, porque \u201cdepende da situa\u00e7\u00e3o\u201d. No dia do acontecido, o delegado Leonardo Formiga, da delegacia de Santa Rita, disse que a jovem foi autuada e vai responder por homic\u00eddio culposo, quando n\u00e3o h\u00e1 a inten\u00e7\u00e3o de matar.<\/p>\n<p>O beb\u00ea de quase um m\u00eas foi morto sufocado. Segundo informa\u00e7\u00f5es da Pol\u00edcia Militar, a m\u00e3e de 19 anos teria dormido sobre o beb\u00ea na madrugada do s\u00e1bado (6), o que pode ter causado a morte da crian\u00e7a.<\/p>\n<p>De acordo com a m\u00e3e, ela acordou por volta de 1h com a crian\u00e7a chorando. Ela disse que amamentou o beb\u00ea e em seguida dormiram juntos em uma cama de solteiro. Por volta das 5h, acordada, ela percebeu que o filho estava com sangramento no nariz e na boca. Segundo a jovem, durante depoimento \u00e0 pol\u00edcia, ao perceber a fatalidade, ela telefonou imediatamente para a unidade do Servi\u00e7o de Atendimento M\u00f3vel de Urg\u00eancia (Samu).<\/p>\n<p>Por\u00e9m, quando o Samu chegou ao local, os atendentes constataram que a crian\u00e7a n\u00e3o estava mais viva. Ap\u00f3s confirmar o \u00f3bito, a m\u00e3e telefonou para a pol\u00edcia, que chegou ao local por volta das 7h. Ela foi ouvida pelo delegado Leonardo Formiga, que a conduziu para a delegacia de Santa Rita. Segundo o delegado, a jovem foi autuada e vai responder por homic\u00eddio culposo, quando n\u00e3o existe a inten\u00e7\u00e3o de matar.<\/p>\n<p>A equipe de per\u00edcia da Pol\u00edcia Civil foi at\u00e9 o local da morte, mas o laudo s\u00f3 deve ficar pronto em at\u00e9 15 dias, a partir da data do acontecido.<\/p>\n<div class=\"td-a-rec td-a-rec-id-content_bottom  td_uid_1_5abea119bb24d_rand td_block_template_1\">\n<div id=\"div-gpt-ad-1510753744454-4\" data-google-query-id=\"COTmy9u9ldoCFVMtHwodk2wDxA\">\u00a0<strong>CARIRI EM A\u00c7\u00c3O<\/strong><em>Com Portal Correio \/Foto: Divulga\u00e7\u00e3o \u00a0<\/em><\/p>\n<p><strong>Leia mais not\u00edcias em\u00a0<\/strong><a href=\"http:\/\/www.caririemacao.com\/\"><strong>caririemacao.com<\/strong><\/a><strong>, siga nossa p\u00e1gina no\u00a0<\/strong><a href=\"https:\/\/www.facebook.com\/CaririEmAcao\/?ref=aymt_homepage_panel\"><strong>Facebook<\/strong><\/a>,<strong>\u00a0<\/strong><a href=\"https:\/\/www.instagram.com\/cariri_em_acao\/?hl=pt-br\"><strong>Instagram<\/strong><\/a><strong>\u00a0e <\/strong><a href=\"https:\/\/www.youtube.com\/channel\/UCAptA0jQuYQy8vMhLt2m4qg\"><strong>Youtube<\/strong><\/a><strong>\u00a0e veja nossas mat\u00e9rias, v\u00eddeos e fotos. Voc\u00ea tamb\u00e9m pode enviar informa\u00e7\u00f5es \u00e0 Reda\u00e7\u00e3o do Portal Cariri em A\u00e7\u00e3o pelo WhatsApp (83) 9 9634.5791, (83) 9 9601-1162.<\/strong><\/p>\n<\/div>\n<\/div>\n","protected":false},"excerpt":{"rendered":"<p>Um beb\u00ea foi morto sufocado ap\u00f3s a m\u00e3e, de 19 anos, ter dormido sobre ele. O\u00a0caso aconteceu em 6 de janeiro na cidade de Santa&hellip; <\/p>\n","protected":false},"author":2,"featured_media":45952,"comment_status":"closed","ping_status":"closed","sticky":false,"template":"","format":"standard","meta":{"sfsi_plus_gutenberg_text_before_share":"","sfsi_plus_gutenberg_show_text_before_share":"","sfsi_plus_gutenberg_icon_type":"","sfsi_plus_gutenberg_icon_alignemt":"","sfsi_plus_gutenburg_max_per_row":"","footnotes":""},"categories":[16],"tags":[],"class_list":["post-45951","post","type-post","status-publish","format-standard","has-post-thumbnail","hentry","category-saude"],"_links":{"self":[{"href":"https:\/\/www.caririemacao.com\/1\/wp-json\/wp\/v2\/posts\/45951","targetHints":{"allow":["GET"]}}],"collection":[{"href":"https:\/\/www.caririemacao.com\/1\/wp-json\/wp\/v2\/posts"}],"about":[{"href":"https:\/\/www.caririemacao.com\/1\/wp-json\/wp\/v2\/types\/post"}],"author":[{"embeddable":true,"href":"https:\/\/www.caririemacao.com\/1\/wp-json\/wp\/v2\/users\/2"}],"replies":[{"embeddable":true,"href":"https:\/\/www.caririemacao.com\/1\/wp-json\/wp\/v2\/comments?post=45951"}],"version-history":[{"count":0,"href":"https:\/\/www.caririemacao.com\/1\/wp-json\/wp\/v2\/posts\/45951\/revisions"}],"wp:featuredmedia":[{"embeddable":true,"href":"https:\/\/www.caririemacao.com\/1\/wp-json\/wp\/v2\/media\/45952"}],"wp:attachment":[{"href":"https:\/\/www.caririemacao.com\/1\/wp-json\/wp\/v2\/media?parent=45951"}],"wp:term":[{"taxonomy":"category","embeddable":true,"href":"https:\/\/www.caririemacao.com\/1\/wp-json\/wp\/v2\/categories?post=45951"},{"taxonomy":"post_tag","embeddable":true,"href":"https:\/\/www.caririemacao.com\/1\/wp-json\/wp\/v2\/tags?post=45951"}],"curies":[{"name":"wp","href":"https:\/\/api.w.org\/{rel}","templated":true}]}}