{"id":45954,"date":"2018-03-30T23:26:11","date_gmt":"2018-03-31T02:26:11","guid":{"rendered":"http:\/\/caririemacao.com\/1\/?p=45954"},"modified":"2018-03-30T23:26:11","modified_gmt":"2018-03-31T02:26:11","slug":"presidencia-inquerito-dos-portos-quer-destruir-reputacao-de-temer","status":"publish","type":"post","link":"https:\/\/www.caririemacao.com\/1\/2018\/03\/30\/presidencia-inquerito-dos-portos-quer-destruir-reputacao-de-temer\/","title":{"rendered":"Presid\u00eancia: inqu\u00e9rito dos Portos quer \u201cdestruir reputa\u00e7\u00e3o de Temer\u201d"},"content":{"rendered":"<article class=\"content\">A Secretaria Especial de Comunica\u00e7\u00e3o Social da Presid\u00eancia da Rep\u00fablica emitiu nota na noite desta sexta-feira (30) negando que o Decreto dos Portos, assinado pelo presidente Michel Temer em maio de 2017, tenha beneficiado a empresa Rodrimar ou outras companhias que atuam no Porto de Santos (SP).<\/p>\n<p>\u201cA mais rasa leitura do decreto teria enterrado, no ano passado, o pedido de abertura de tal investiga\u00e7\u00e3o pelo ent\u00e3o procurador-geral da Rep\u00fablica Rodrigo Janot\u201d, diz a nota.<\/p>\n<p>Essa \u00e9 a primeira manifesta\u00e7\u00e3o p\u00fablica do Pal\u00e1cio do Planalto sobre o caso ap\u00f3s a Pol\u00edcia Federal deflagrar, na quinta-feira (29), a\u00a0opera\u00e7\u00e3o Skala, que prendeu dois amigos de Temer (o coronel aposentado da PM\u00a0Jo\u00e3o Baptista Lima Filho\u00a0e o advogado Jos\u00e9 Yunes), o ex-ministro da Agricultura Wagner Rossi, o dono da Rodrimar, Ant\u00f4nio Celso Grecco, e outros empres\u00e1rios.<\/p>\n<p>Segundo a nota da Presid\u00eancia da Rep\u00fablica, o decreto n\u00e3o beneficiou a Rodrimar porque a empresa possui contrato em Santos anterior a fevereiro de 1993 e os efeitos do decreto s\u00f3 valem ap\u00f3s essa data, conforme o Artigo 47-A, \u00a7 3\u00ba, do decreto. Segundo a Presid\u00eancia, as \u00e1reas controladas pela Rodrimar ser\u00e3o &#8220;relicitadas&#8221;.<\/p>\n<p>\u201cO fato \u00e9 que a Rodrimar n\u00e3o se encaixa neste par\u00e1grafo, neste artigo, no todo do decreto ou na sua interpreta\u00e7\u00e3o, por mais ampla que se queira, conforme despacho do Minist\u00e9rio dos Transportes: \u2018Conclui-se que as disposi\u00e7\u00f5es do decreto n\u00famero 9048\/17 n\u00e3o se aplicam aos contratos da empresa Rodrimar S\/A\u2019.\u201d, diz a nota, que cita trecho de despacho do Minist\u00e9rio dos Transportes.<\/p>\n<p>Para a Secretaria de Comunica\u00e7\u00e3o, a investiga\u00e7\u00e3o tenta \u201cdestruir a reputa\u00e7\u00e3o do presidente Michel Temer\u201d por meio de \u201cm\u00e9todos totalit\u00e1rios\u201d por raz\u00f5es eleitorais.<\/p>\n<p>\u201cO atropelo dos fatos e da verdade busca retirar o presidente da vida p\u00fablica, impedi-lo de continuar a prestar relevantes servi\u00e7os ao pa\u00eds, como ele fez ao superar a mais forte recess\u00e3o econ\u00f4mica da hist\u00f3ria brasileira. Bastou a simples men\u00e7\u00e3o a poss\u00edvel candidatura para que for\u00e7as obscuras surgissem para tecer novas tramas sobre velhos enredos maledicentes\u201d, diz a nota.<\/p>\n<p>A opera\u00e7\u00e3o Skala faz parte de investiga\u00e7\u00e3o que tramita no Supremo Tribunal Federal contra Temer e aliados. Os investigadores querem saber se o Decreto dos Portos foi assinado pelo presidente em troca de propina.<\/p>\n<p>O texto beneficiou empresas ao ampliar o prazo de concess\u00e3o dos portos no pa\u00eds de 25 anos para 35 anos, prorrog\u00e1veis at\u00e9 o limite de 70 anos. O inqu\u00e9rito investiga se a Rodrimar teria buscado intervir no decreto, com aux\u00edlio do ex-deputado federal Rodrigo Rocha Loures, para ampliar sua opera\u00e7\u00e3o no Porto de Santos. A empresa e os investigados negam as acusa\u00e7\u00f5es.<\/p>\n<p>Os pedidos de pris\u00e3o e busca e apreens\u00e3o foram solicitados pela procuradora-geral da Rep\u00fablica, Raquel Dodge, e autorizados pelo relator do inqu\u00e9rito no Ssupremo, ministro Lu\u00eds Roberto Barroso.<\/p>\n<p>Em seu despacho, o ministro afirma que h\u00e1 &#8220;ind\u00edcios que demonstram a possibilidade de se estar diante de um esquema cont\u00ednuo de concess\u00e3o de benef\u00edcios p\u00fablicos em troca de recursos privados, para fins pessoais e eleitorais, que\u00a0persistiria por mais de vinte anos\u00a0no setor de portos, vindo at\u00e9 os dias de hoje&#8221;.<\/p>\n<p>Viagem cancelada<\/p>\n<p>O presidente Michel Temer cancelou hoje viagem a S\u00e3o Paulo, onde passaria o feriado da P\u00e1scoa, e decidiu ficar em Bras\u00edlia para tratar da rea\u00e7\u00e3o \u00e0s investiga\u00e7\u00f5es e da reforma ministerial que ser\u00e1 anunciada na pr\u00f3xima semana.<\/p>\n<div id=\"inner-ad-container\" class=\"ad\">\n<div>\n<div>\n<div>\u00a0Ele se reuniu hoje com seu advogado, Ant\u00f4nio Claudio Mariz de Oliveira, que deixou o Pal\u00e1cio do Alvorada por volta das 15h30.<\/div>\n<\/div>\n<\/div>\n<\/div>\n<p>Em seguida, o ministro-chefe do Gabinete de Seguran\u00e7a Institucional, Sergio Westphalen Etchegoyen, chegou ao local. A reuni\u00e3o contou ainda com o ministro-chefe da Secretaria-Geral da Presid\u00eancia, Moreira Franco, e o subchefe para Assuntos Jur\u00eddicos da Casa Civil e ministro dos Direitos Humanos, Gustavo do Vale Rocha.<\/p>\n<p>Leia a nota completa:<\/p>\n<p><em>&#8220;Nota oficial<\/em><\/p>\n<p><em>O decreto dos portos, sob o qual est\u00e1 amparada a investiga\u00e7\u00e3o sobre supostos benef\u00edcios \u00e0 empresa Rodrimar, diz literalmente em seu Artigo 47-A, \u00a7 3\u00ba:<\/em><\/p>\n<p><em>\u201cO disposto neste artigo n\u00e3o se aplica aos contratos firmados antes da vig\u00eancia da Lei 8.830, de 25 de fevereiro de 1993\u201d.<\/em><\/p>\n<p><em>A mais rasa leitura do decreto teria enterrado, no ano passado, o pedido de abertura de tal investiga\u00e7\u00e3o pelo ent\u00e3o procurador-geral da Rep\u00fablica Rodrigo Janot. O fato \u00e9 que a Rodrimar n\u00e3o se encaixa neste par\u00e1grafo, neste artigo, no todo do decreto ou na sua interpreta\u00e7\u00e3o, por mais ampla que se queira, conforme despacho do Minist\u00e9rio dos Transportes: \u201cConclui-se que as disposi\u00e7\u00f5es do decreto n\u00famero 9048\/17 n\u00e3o se aplicam aos contratos da empresa Rodrimar S\/A\u201d.<\/em><\/p>\n<p><em>Tal decreto nasceu ap\u00f3s cria\u00e7\u00e3o de grupo de trabalho pelo Minist\u00e9rio dos Transportes que realizou amplo e p\u00fablico debate, em reuni\u00f5es que ocorreram entre setembro de 2016 e maio de 2017. Todas as \u00e1reas da Rodrimar ser\u00e3o relicitadas.<\/em><\/p>\n<p><em>Sem ter fatos reais a investigar, autoridades tentam criar narrativas que gerem novas acusa\u00e7\u00f5es. Buscam inqu\u00e9ritos arquivados duas vezes pelo Supremo Tribunal Federal, baseados em documentos forjados e j\u00e1 renegados formalmente \u00e0 justi\u00e7a, e mais uma vez em entrevista \u00e0 revista Veja deste final de semana.<\/em><\/p>\n<p><em>Tentam mais uma vez destruir a reputa\u00e7\u00e3o do presidente Michel Temer. Usam m\u00e9todos totalit\u00e1rios, com cerceamento dos direitos mais b\u00e1sicos para obter, for\u00e7adamente, testemunhos que possam ser usados em pe\u00e7as de acusa\u00e7\u00e3o. Repetem o enredo de 2017, quando ofereceram os maiores benef\u00edcios aos irm\u00e3os Batista para criar falsa acusa\u00e7\u00e3o que envolvesse o presidente. N\u00e3o conseguiram e repetem a trama, que, no passado, pareceu trag\u00e9dia, agora soa a farsa.<\/em><\/p>\n<p><em>O atropelo dos fatos e da verdade busca retirar o presidente da vida p\u00fablica, impedi-lo de continuar a prestar relevantes servi\u00e7os ao pa\u00eds, como ele fez ao superar a mais forte recess\u00e3o econ\u00f4mica da hist\u00f3ria brasileira. Bastou a simples men\u00e7\u00e3o a poss\u00edvel candidatura para que for\u00e7as obscuras surgissem para tecer novas tramas sobre velhos enredos maledicentes. No Brasil do s\u00e9culo XXI, alguns querem impedir candidatura. Busca-se impedir ao povo a livre escolha. Reinterpreta-se a Constitui\u00e7\u00e3o, as leis e os decretos ao sabor do momento. V\u00ea-se crimes em atos de absoluto respeito \u00e0s leis e total obedi\u00eancia aos princ\u00edpios democr\u00e1ticos.<\/em><\/p>\n<p><em>Secretaria Especial de Comunica\u00e7\u00e3o Social da Presid\u00eancia da Rep\u00fablica&#8221;<\/em>.<\/p>\n<p><strong>CARIRI EM A\u00c7\u00c3O<\/strong><\/p>\n<\/article>\n<div class=\"sharebar bottom\">\n<div class=\"shared-text-social\" data-info=\"http:\/\/r7.com\/DthX\">\n<p><em>Com Ag\u00eancia Brasil \/Foto: Reprodu\u00e7\u00e3o Internet<\/em><\/p>\n<p><strong>Leia mais not\u00edcias em\u00a0<\/strong><a href=\"http:\/\/www.caririemacao.com\/\"><strong>caririemacao.com<\/strong><\/a><strong>, siga nossa p\u00e1gina no\u00a0<\/strong><a href=\"https:\/\/www.facebook.com\/CaririEmAcao\/?ref=aymt_homepage_panel\"><strong>Facebook<\/strong><\/a>,<strong>\u00a0<\/strong><a href=\"https:\/\/www.instagram.com\/cariri_em_acao\/?hl=pt-br\"><strong>Instagram<\/strong><\/a><strong>\u00a0e <\/strong><a href=\"https:\/\/www.youtube.com\/channel\/UCAptA0jQuYQy8vMhLt2m4qg\"><strong>Youtube<\/strong><\/a><strong>\u00a0e veja nossas mat\u00e9rias, v\u00eddeos e fotos. Voc\u00ea tamb\u00e9m pode enviar informa\u00e7\u00f5es \u00e0 Reda\u00e7\u00e3o do Portal Cariri em A\u00e7\u00e3o pelo WhatsApp (83) 9 9634.5791, (83) 9 9601-1162.<\/strong><\/p>\n<\/div>\n<\/div>\n","protected":false},"excerpt":{"rendered":"<p>A Secretaria Especial de Comunica\u00e7\u00e3o Social da Presid\u00eancia da Rep\u00fablica emitiu nota na noite desta sexta-feira (30) negando que o Decreto dos Portos, assinado pelo&hellip; <\/p>\n","protected":false},"author":2,"featured_media":40466,"comment_status":"closed","ping_status":"closed","sticky":false,"template":"","format":"standard","meta":{"sfsi_plus_gutenberg_text_before_share":"","sfsi_plus_gutenberg_show_text_before_share":"","sfsi_plus_gutenberg_icon_type":"","sfsi_plus_gutenberg_icon_alignemt":"","sfsi_plus_gutenburg_max_per_row":"","footnotes":""},"categories":[11],"tags":[],"class_list":["post-45954","post","type-post","status-publish","format-standard","has-post-thumbnail","hentry","category-politica"],"_links":{"self":[{"href":"https:\/\/www.caririemacao.com\/1\/wp-json\/wp\/v2\/posts\/45954","targetHints":{"allow":["GET"]}}],"collection":[{"href":"https:\/\/www.caririemacao.com\/1\/wp-json\/wp\/v2\/posts"}],"about":[{"href":"https:\/\/www.caririemacao.com\/1\/wp-json\/wp\/v2\/types\/post"}],"author":[{"embeddable":true,"href":"https:\/\/www.caririemacao.com\/1\/wp-json\/wp\/v2\/users\/2"}],"replies":[{"embeddable":true,"href":"https:\/\/www.caririemacao.com\/1\/wp-json\/wp\/v2\/comments?post=45954"}],"version-history":[{"count":0,"href":"https:\/\/www.caririemacao.com\/1\/wp-json\/wp\/v2\/posts\/45954\/revisions"}],"wp:featuredmedia":[{"embeddable":true,"href":"https:\/\/www.caririemacao.com\/1\/wp-json\/wp\/v2\/media\/40466"}],"wp:attachment":[{"href":"https:\/\/www.caririemacao.com\/1\/wp-json\/wp\/v2\/media?parent=45954"}],"wp:term":[{"taxonomy":"category","embeddable":true,"href":"https:\/\/www.caririemacao.com\/1\/wp-json\/wp\/v2\/categories?post=45954"},{"taxonomy":"post_tag","embeddable":true,"href":"https:\/\/www.caririemacao.com\/1\/wp-json\/wp\/v2\/tags?post=45954"}],"curies":[{"name":"wp","href":"https:\/\/api.w.org\/{rel}","templated":true}]}}