{"id":45959,"date":"2018-03-30T23:36:51","date_gmt":"2018-03-31T02:36:51","guid":{"rendered":"http:\/\/caririemacao.com\/1\/?p=45959"},"modified":"2018-03-30T23:36:51","modified_gmt":"2018-03-31T02:36:51","slug":"semiarido-da-pb-com-mais-chuvas-nos-proximos-dias","status":"publish","type":"post","link":"https:\/\/www.caririemacao.com\/1\/2018\/03\/30\/semiarido-da-pb-com-mais-chuvas-nos-proximos-dias\/","title":{"rendered":"Semi\u00e1rido da PB com mais chuvas nos pr\u00f3ximos dias"},"content":{"rendered":"<p>Mais chuvas devem atingir o semi\u00e1rido da Para\u00edba nos pr\u00f3ximos dias. As cidades de Patos, Pombal, Sousa e Cajazeiras dever\u00e3o registrar chuvas entre os dias 30 de mar\u00e7o e 04 de abril.<\/p>\n<p>A previs\u00e3o foi realizada pelo f\u00edsico, meteorologista e mestre em Meteorologia Rodrigo C\u00e9zar Limeira. As ocorr\u00eancias pluviom\u00e9tricas est\u00e3o associadas a atua\u00e7\u00e3o de um V\u00f3rtice Cicl\u00f4nico de Altos N\u00edveis com a Zona de Converg\u00eancia Intertropical, principal sistema meteorol\u00f3gico causador de chuvas essa \u00e9poca no interior do citado Estado.<\/p>\n<p>Dessa forma, mesmo com condi\u00e7\u00f5es oce\u00e2nicas desfavor\u00e1veis atualmente, as chuvas devem continuar ocorrendo nos pr\u00f3ximos dias. Al\u00e9m disso explica o estudioso, a chegada de uma onda de energia planet\u00e1ria oriunda da regi\u00e3o da Indon\u00e9sia agora no final de mar\u00e7o, tamb\u00e9m est\u00e1 contribuindo para as boas chuvas observadas recentemente na referida regi\u00e3o.<\/p>\n<p><strong>CARIRI EM A\u00c7\u00c3O<\/strong><\/p>\n<p><em>Com Portal Ci\u00eancia em Foco\/Foto: Reprodu\u00e7\u00e3o Internet<\/em><\/p>\n<p><strong>Leia mais not\u00edcias em\u00a0<\/strong><a href=\"http:\/\/www.caririemacao.com\/\"><strong>caririemacao.com<\/strong><\/a><strong>, siga nossa p\u00e1gina no\u00a0<\/strong><a href=\"https:\/\/www.facebook.com\/CaririEmAcao\/?ref=aymt_homepage_panel\"><strong>Facebook<\/strong><\/a>,<strong>\u00a0<\/strong><a href=\"https:\/\/www.instagram.com\/cariri_em_acao\/?hl=pt-br\"><strong>Instagram<\/strong><\/a><strong>\u00a0e <\/strong><a href=\"https:\/\/www.youtube.com\/channel\/UCAptA0jQuYQy8vMhLt2m4qg\"><strong>Youtube<\/strong><\/a><strong>\u00a0e veja nossas mat\u00e9rias, v\u00eddeos e fotos. Voc\u00ea tamb\u00e9m pode enviar informa\u00e7\u00f5es \u00e0 Reda\u00e7\u00e3o do Portal Cariri em A\u00e7\u00e3o pelo WhatsApp (83) 9 9634.5791, (83) 9 9601-1162.<\/strong><\/p>\n","protected":false},"excerpt":{"rendered":"<p>Mais chuvas devem atingir o semi\u00e1rido da Para\u00edba nos pr\u00f3ximos dias. As cidades de Patos, Pombal, Sousa e Cajazeiras dever\u00e3o registrar chuvas entre os dias&hellip; <\/p>\n","protected":false},"author":2,"featured_media":44160,"comment_status":"closed","ping_status":"closed","sticky":false,"template":"","format":"standard","meta":{"sfsi_plus_gutenberg_text_before_share":"","sfsi_plus_gutenberg_show_text_before_share":"","sfsi_plus_gutenberg_icon_type":"","sfsi_plus_gutenberg_icon_alignemt":"","sfsi_plus_gutenburg_max_per_row":"","footnotes":""},"categories":[2],"tags":[],"class_list":["post-45959","post","type-post","status-publish","format-standard","has-post-thumbnail","hentry","category-geral"],"_links":{"self":[{"href":"https:\/\/www.caririemacao.com\/1\/wp-json\/wp\/v2\/posts\/45959","targetHints":{"allow":["GET"]}}],"collection":[{"href":"https:\/\/www.caririemacao.com\/1\/wp-json\/wp\/v2\/posts"}],"about":[{"href":"https:\/\/www.caririemacao.com\/1\/wp-json\/wp\/v2\/types\/post"}],"author":[{"embeddable":true,"href":"https:\/\/www.caririemacao.com\/1\/wp-json\/wp\/v2\/users\/2"}],"replies":[{"embeddable":true,"href":"https:\/\/www.caririemacao.com\/1\/wp-json\/wp\/v2\/comments?post=45959"}],"version-history":[{"count":0,"href":"https:\/\/www.caririemacao.com\/1\/wp-json\/wp\/v2\/posts\/45959\/revisions"}],"wp:featuredmedia":[{"embeddable":true,"href":"https:\/\/www.caririemacao.com\/1\/wp-json\/wp\/v2\/media\/44160"}],"wp:attachment":[{"href":"https:\/\/www.caririemacao.com\/1\/wp-json\/wp\/v2\/media?parent=45959"}],"wp:term":[{"taxonomy":"category","embeddable":true,"href":"https:\/\/www.caririemacao.com\/1\/wp-json\/wp\/v2\/categories?post=45959"},{"taxonomy":"post_tag","embeddable":true,"href":"https:\/\/www.caririemacao.com\/1\/wp-json\/wp\/v2\/tags?post=45959"}],"curies":[{"name":"wp","href":"https:\/\/api.w.org\/{rel}","templated":true}]}}