{"id":45962,"date":"2018-03-31T08:05:22","date_gmt":"2018-03-31T11:05:22","guid":{"rendered":"http:\/\/caririemacao.com\/1\/?p=45962"},"modified":"2018-03-31T08:05:22","modified_gmt":"2018-03-31T11:05:22","slug":"temer-avalia-pronunciamento-em-rede-nacional-para-defender-sua-honra","status":"publish","type":"post","link":"https:\/\/www.caririemacao.com\/1\/2018\/03\/31\/temer-avalia-pronunciamento-em-rede-nacional-para-defender-sua-honra\/","title":{"rendered":"Temer avalia pronunciamento em rede nacional para &#8216;defender sua honra&#8217;"},"content":{"rendered":"<p><span class=\"news_capital_letter\">O\u00a0<\/span>presidente Michel Temer estuda fazer um pronunciamento em rede nacional na segunda-feira (2) para se defender mais uma vez das suspeitas de envolvimento em um esquema de corrup\u00e7\u00e3o no setor portu\u00e1rio.<\/p>\n<p>Segundo a reportagem apurou, a ideia \u00e9 seguir, no r\u00e1dio e na TV, a mesma linha da\u00a0nota emitida nesta sexta-feira (30)pelo Pal\u00e1cio do Planalto, com \u00eanfase no que auxiliares classificam como defesa da honra do presidente.<\/p>\n<p>Em sua fala, o presidente deve destacar &#8220;excessos&#8221; da opera\u00e7\u00e3o da Pol\u00edcia Federal que prendeu seus amigos mais pr\u00f3ximos, na quinta-feira (29), e refor\u00e7ar o discurso de que todo brasileiro &#8220;tem direito \u00e0 ampla defesa&#8221;.<\/p>\n<p>Auxiliares argumentam que Temer n\u00e3o deve falar diretamente de seus amigos e assessores detidos, como o advogado Jos\u00e9 Yunes e o coronel Jo\u00e3o Baptista Lima Filho, acusados de serem operadores de longa data do presidente.<\/p>\n<p>Para eles, Temer precisa seguir um &#8220;rito de estadista&#8221; e criar um contraponto \u00e0s acusa\u00e7\u00f5es, mais uma vez apostando na tese de que est\u00e3o tentando acabar com sua vida p\u00fablica.<\/p>\n<p>Nesta sexta, ap\u00f3s reuni\u00e3o com ministros e auxiliares no Pal\u00e1cio da Alvorada, o presidente divulgou uma nota em que acusa &#8220;autoridades&#8221; de tentar destruir sua reputa\u00e7\u00e3o, utilizando-se de &#8220;m\u00e9todos totalit\u00e1rios&#8221;.<\/p>\n<p>No texto, Temer insiste que o decreto editado pelo seu governo no ano passado para o setor portu\u00e1rio n\u00e3o beneficiou a empresa Rodrimar, cujo dono foi preso nesta quinta.<\/p>\n<p>&#8220;Sem ter fatos reais a investigar, autoridades tentam criar narrativas que gerem novas acusa\u00e7\u00f5es&#8221;, diz o comunicado assinado pela Secretaria Especial de Comunica\u00e7\u00e3o Social da Presid\u00eancia da Rep\u00fablica.<\/p>\n<p>A tese do n\u00facleo do governo \u00e9 de que as pris\u00f5es servem para for\u00e7ar dela\u00e7\u00f5es premiadas que comprometam o presidente e criem um enredo substancioso que sirva de base para a apresenta\u00e7\u00e3o de uma terceira den\u00fancia contra ele.<\/p>\n<p>Temer j\u00e1 foi alvo de duas den\u00fancias apresentadas pela PGR (Procuradoria-Geral da Rep\u00fablica) em 2017. Ambas foram engavetadas pela maioria dos deputados com o argumento de que os fatos apresentados pelos procuradores eram uma &#8220;fic\u00e7\u00e3o&#8221;.<\/p>\n<p>Agora, o presidente volta a utilizar a estrat\u00e9gia de desqualificar as investiga\u00e7\u00f5es, discurso que encontrou eco nos aliados e teve \u00eaxito na \u00e9poca da dela\u00e7\u00e3o da JBS.<\/p>\n<article class=\"content\"><strong>CARIRI EM A\u00c7\u00c3O<\/strong><\/p>\n<\/article>\n<div class=\"sharebar bottom\">\n<div class=\"shared-text-social\" data-info=\"http:\/\/r7.com\/DthX\">\n<p><em>Com Folhapress\/Foto:\u00a0Alan Santos<\/em><\/p>\n<p><strong>Leia mais not\u00edcias em\u00a0<\/strong><a href=\"http:\/\/www.caririemacao.com\/\"><strong>caririemacao.com<\/strong><\/a><strong>, siga nossa p\u00e1gina no\u00a0<\/strong><a href=\"https:\/\/www.facebook.com\/CaririEmAcao\/?ref=aymt_homepage_panel\"><strong>Facebook<\/strong><\/a>,<strong>\u00a0<\/strong><a href=\"https:\/\/www.instagram.com\/cariri_em_acao\/?hl=pt-br\"><strong>Instagram<\/strong><\/a><strong>\u00a0e\u00a0<\/strong><a href=\"https:\/\/www.youtube.com\/channel\/UCAptA0jQuYQy8vMhLt2m4qg\"><strong>Youtube<\/strong><\/a><strong>\u00a0e veja nossas mat\u00e9rias, v\u00eddeos e fotos. Voc\u00ea tamb\u00e9m pode enviar informa\u00e7\u00f5es \u00e0 Reda\u00e7\u00e3o do Portal Cariri em A\u00e7\u00e3o pelo WhatsApp (83) 9 9634.5791, (83) 9 9601-1162.<\/strong><\/p>\n<\/div>\n<\/div>\n","protected":false},"excerpt":{"rendered":"<p>O\u00a0presidente Michel Temer estuda fazer um pronunciamento em rede nacional na segunda-feira (2) para se defender mais uma vez das suspeitas de envolvimento em um&hellip; <\/p>\n","protected":false},"author":2,"featured_media":45963,"comment_status":"closed","ping_status":"closed","sticky":false,"template":"","format":"standard","meta":{"sfsi_plus_gutenberg_text_before_share":"","sfsi_plus_gutenberg_show_text_before_share":"","sfsi_plus_gutenberg_icon_type":"","sfsi_plus_gutenberg_icon_alignemt":"","sfsi_plus_gutenburg_max_per_row":"","footnotes":""},"categories":[11],"tags":[],"class_list":["post-45962","post","type-post","status-publish","format-standard","has-post-thumbnail","hentry","category-politica"],"_links":{"self":[{"href":"https:\/\/www.caririemacao.com\/1\/wp-json\/wp\/v2\/posts\/45962","targetHints":{"allow":["GET"]}}],"collection":[{"href":"https:\/\/www.caririemacao.com\/1\/wp-json\/wp\/v2\/posts"}],"about":[{"href":"https:\/\/www.caririemacao.com\/1\/wp-json\/wp\/v2\/types\/post"}],"author":[{"embeddable":true,"href":"https:\/\/www.caririemacao.com\/1\/wp-json\/wp\/v2\/users\/2"}],"replies":[{"embeddable":true,"href":"https:\/\/www.caririemacao.com\/1\/wp-json\/wp\/v2\/comments?post=45962"}],"version-history":[{"count":0,"href":"https:\/\/www.caririemacao.com\/1\/wp-json\/wp\/v2\/posts\/45962\/revisions"}],"wp:featuredmedia":[{"embeddable":true,"href":"https:\/\/www.caririemacao.com\/1\/wp-json\/wp\/v2\/media\/45963"}],"wp:attachment":[{"href":"https:\/\/www.caririemacao.com\/1\/wp-json\/wp\/v2\/media?parent=45962"}],"wp:term":[{"taxonomy":"category","embeddable":true,"href":"https:\/\/www.caririemacao.com\/1\/wp-json\/wp\/v2\/categories?post=45962"},{"taxonomy":"post_tag","embeddable":true,"href":"https:\/\/www.caririemacao.com\/1\/wp-json\/wp\/v2\/tags?post=45962"}],"curies":[{"name":"wp","href":"https:\/\/api.w.org\/{rel}","templated":true}]}}