{"id":45965,"date":"2018-03-31T08:09:38","date_gmt":"2018-03-31T11:09:38","guid":{"rendered":"http:\/\/caririemacao.com\/1\/?p=45965"},"modified":"2018-03-31T08:19:46","modified_gmt":"2018-03-31T11:19:46","slug":"numero-de-faltas-de-bolsonaro-na-camara-quadruplica-em-2017","status":"publish","type":"post","link":"https:\/\/www.caririemacao.com\/1\/2018\/03\/31\/numero-de-faltas-de-bolsonaro-na-camara-quadruplica-em-2017\/","title":{"rendered":"N\u00famero de faltas de Bolsonaro na C\u00e2mara quadruplica em 2017"},"content":{"rendered":"<p><span class=\"news_capital_letter\">Ov<\/span>deputado Jair Bolsonaro (PSL-RJ) teve quadruplicado, em 2017, o n\u00famero de faltas em sess\u00f5es de presen\u00e7a obrigat\u00f3ria no Congresso Nacional. Dos 119 dias, ele se ausentou sem justificativa em 16 &#8211; 13,5% do total &#8211; \u00edndice quatro vezes superior ao registrado pelo parlamentar em 2016. O levantamento foi feito pela Folha de S. Paulo a partir de informa\u00e7\u00f5es da C\u00e2mara.<\/p>\n<p>Entre os demais presidenci\u00e1veis com atua\u00e7\u00e3o no Congresso, os senadores Alvaro Dias (Podemos-PR), Fernando Collor (PTC-AL) e a deputada estadual Manuela D&#8217;\u00c1vila (PC do B-RS)\u00a0tiveram duas aus\u00eancias n\u00e3o justificadas no ano passado &#8211; o presidente da C\u00e2mara, Rodrigo Maia (DEM-RJ), n\u00e3o registrou faltas n\u00e3o justificadas tanto em 2016 quanto em 2017.<\/p>\n<p>Parte das\u00a0aus\u00eancias de\u00a0Bolsonaro ocorreu em dias nos quais o parlamentar esteve em viagens pelo Brasil e pelo exterior para falar de sua candidatura \u00e0 Presid\u00eancia da Rep\u00fablica.<\/p>\n<article class=\"content\"><strong>CARIRI EM A\u00c7\u00c3O<\/strong><\/article>\n<div class=\"sharebar bottom\">\n<div class=\"shared-text-social\" data-info=\"http:\/\/r7.com\/DthX\">\n<p><em>Com Politica ao Minuto\/Foto: Reprodu\u00e7\u00e3o Internet<\/em><\/p>\n<p><strong>Leia mais not\u00edcias em\u00a0<\/strong><a href=\"http:\/\/www.caririemacao.com\/\"><strong>caririemacao.com<\/strong><\/a><strong>, siga nossa p\u00e1gina no\u00a0<\/strong><a href=\"https:\/\/www.facebook.com\/CaririEmAcao\/?ref=aymt_homepage_panel\"><strong>Facebook<\/strong><\/a>,<strong>\u00a0<\/strong><a href=\"https:\/\/www.instagram.com\/cariri_em_acao\/?hl=pt-br\"><strong>Instagram<\/strong><\/a><strong>\u00a0e\u00a0<\/strong><a href=\"https:\/\/www.youtube.com\/channel\/UCAptA0jQuYQy8vMhLt2m4qg\"><strong>Youtube<\/strong><\/a><strong>\u00a0e veja nossas mat\u00e9rias, v\u00eddeos e fotos. Voc\u00ea tamb\u00e9m pode enviar informa\u00e7\u00f5es \u00e0 Reda\u00e7\u00e3o do Portal Cariri em A\u00e7\u00e3o pelo WhatsApp (83) 9 9634.5791, (83) 9 9601-1162.<\/strong><\/p>\n<\/div>\n<\/div>\n","protected":false},"excerpt":{"rendered":"<p>Ovdeputado Jair Bolsonaro (PSL-RJ) teve quadruplicado, em 2017, o n\u00famero de faltas em sess\u00f5es de presen\u00e7a obrigat\u00f3ria no Congresso Nacional. Dos 119 dias, ele se&hellip; <\/p>\n","protected":false},"author":2,"featured_media":36809,"comment_status":"closed","ping_status":"closed","sticky":false,"template":"","format":"standard","meta":{"sfsi_plus_gutenberg_text_before_share":"","sfsi_plus_gutenberg_show_text_before_share":"","sfsi_plus_gutenberg_icon_type":"","sfsi_plus_gutenberg_icon_alignemt":"","sfsi_plus_gutenburg_max_per_row":"","footnotes":""},"categories":[11],"tags":[],"class_list":["post-45965","post","type-post","status-publish","format-standard","has-post-thumbnail","hentry","category-politica"],"_links":{"self":[{"href":"https:\/\/www.caririemacao.com\/1\/wp-json\/wp\/v2\/posts\/45965","targetHints":{"allow":["GET"]}}],"collection":[{"href":"https:\/\/www.caririemacao.com\/1\/wp-json\/wp\/v2\/posts"}],"about":[{"href":"https:\/\/www.caririemacao.com\/1\/wp-json\/wp\/v2\/types\/post"}],"author":[{"embeddable":true,"href":"https:\/\/www.caririemacao.com\/1\/wp-json\/wp\/v2\/users\/2"}],"replies":[{"embeddable":true,"href":"https:\/\/www.caririemacao.com\/1\/wp-json\/wp\/v2\/comments?post=45965"}],"version-history":[{"count":0,"href":"https:\/\/www.caririemacao.com\/1\/wp-json\/wp\/v2\/posts\/45965\/revisions"}],"wp:featuredmedia":[{"embeddable":true,"href":"https:\/\/www.caririemacao.com\/1\/wp-json\/wp\/v2\/media\/36809"}],"wp:attachment":[{"href":"https:\/\/www.caririemacao.com\/1\/wp-json\/wp\/v2\/media?parent=45965"}],"wp:term":[{"taxonomy":"category","embeddable":true,"href":"https:\/\/www.caririemacao.com\/1\/wp-json\/wp\/v2\/categories?post=45965"},{"taxonomy":"post_tag","embeddable":true,"href":"https:\/\/www.caririemacao.com\/1\/wp-json\/wp\/v2\/tags?post=45965"}],"curies":[{"name":"wp","href":"https:\/\/api.w.org\/{rel}","templated":true}]}}