{"id":45967,"date":"2018-03-31T08:12:32","date_gmt":"2018-03-31T11:12:32","guid":{"rendered":"http:\/\/caririemacao.com\/1\/?p=45967"},"modified":"2018-03-31T08:12:32","modified_gmt":"2018-03-31T11:12:32","slug":"prazo-para-declarar-o-imposto-de-renda-2018-acaba-em-30-dias","status":"publish","type":"post","link":"https:\/\/www.caririemacao.com\/1\/2018\/03\/31\/prazo-para-declarar-o-imposto-de-renda-2018-acaba-em-30-dias\/","title":{"rendered":"Prazo para declarar o imposto de renda 2018 acaba em 30 dias"},"content":{"rendered":"<p><span class=\"news_capital_letter\">C<\/span>aso voc\u00ea ainda n\u00e3o tenha declarado seu imposto de renda, que tal se programar para enviar a declara\u00e7\u00e3o neste fim de semana? Lembre-se que \u00e9 preciso ficar atento para o calend\u00e1rio, j\u00e1 que o prazo termina em menos de um m\u00eas &#8211; no dia 30 de abril.<\/p>\n<p>O programa gerador pode baixado no site da Receita. De acordo com o Portal Brasil, o contribuinte tamb\u00e9m pode prestar contas por meio de aplicativos em tablets e smartphones. Quem atrasar a entrega ter\u00e1 de pagar multa de 1% sobre o imposto devido ao m\u00eas. O valor m\u00ednimo \u00e9 de R$ 165,74, e o m\u00e1ximo \u00e9 de 20% do imposto devido.<\/p>\n<p>As restitui\u00e7\u00f5es do\u00a0Imposto\u00a0sobre a\u00a0Renda\u00a0das Pessoas F\u00edsicas (IRPF)\u00a02018\u00a0ser\u00e3o pagas entre os meses\u00a0de\u00a0junho e\u00a0dezembro. Confira o calend\u00e1rio do IR 2018.<\/p>\n<p><a href=\"http:\/\/caririemacao.com\/1\/?attachment_id=45968\" rel=\"attachment wp-att-45968\"><img fetchpriority=\"high\" decoding=\"async\" class=\"aligncenter size-full wp-image-45968\" src=\"http:\/\/caririemacao.com\/1\/wp-content\/uploads\/2018\/03\/naom_5abe4a8d28a18.jpg\" alt=\"\" width=\"640\" height=\"287\" srcset=\"https:\/\/www.caririemacao.com\/1\/wp-content\/uploads\/2018\/03\/naom_5abe4a8d28a18.jpg 640w, https:\/\/www.caririemacao.com\/1\/wp-content\/uploads\/2018\/03\/naom_5abe4a8d28a18-300x135.jpg 300w\" sizes=\"(max-width: 640px) 100vw, 640px\" \/><\/a><\/p>\n<article class=\"content\"><strong>CARIRI EM A\u00c7\u00c3O<\/strong><\/p>\n<\/article>\n<div class=\"sharebar bottom\">\n<div class=\"shared-text-social\" data-info=\"http:\/\/r7.com\/DthX\">\n<p><em>Com Economia ao Minuto\/Foto: Reprodu\u00e7\u00e3o Internet<\/em><\/p>\n<p><strong>Leia mais not\u00edcias em\u00a0<\/strong><a href=\"http:\/\/www.caririemacao.com\/\"><strong>caririemacao.com<\/strong><\/a><strong>, siga nossa p\u00e1gina no\u00a0<\/strong><a href=\"https:\/\/www.facebook.com\/CaririEmAcao\/?ref=aymt_homepage_panel\"><strong>Facebook<\/strong><\/a>,<strong>\u00a0<\/strong><a href=\"https:\/\/www.instagram.com\/cariri_em_acao\/?hl=pt-br\"><strong>Instagram<\/strong><\/a><strong>\u00a0e\u00a0<\/strong><a href=\"https:\/\/www.youtube.com\/channel\/UCAptA0jQuYQy8vMhLt2m4qg\"><strong>Youtube<\/strong><\/a><strong>\u00a0e veja nossas mat\u00e9rias, v\u00eddeos e fotos. Voc\u00ea tamb\u00e9m pode enviar informa\u00e7\u00f5es \u00e0 Reda\u00e7\u00e3o do Portal Cariri em A\u00e7\u00e3o pelo WhatsApp (83) 9 9634.5791, (83) 9 9601-1162.<\/strong><\/p>\n<\/div>\n<\/div>\n","protected":false},"excerpt":{"rendered":"<p>Caso voc\u00ea ainda n\u00e3o tenha declarado seu imposto de renda, que tal se programar para enviar a declara\u00e7\u00e3o neste fim de semana? Lembre-se que \u00e9&hellip; <\/p>\n","protected":false},"author":2,"featured_media":45969,"comment_status":"closed","ping_status":"closed","sticky":false,"template":"","format":"standard","meta":{"sfsi_plus_gutenberg_text_before_share":"","sfsi_plus_gutenberg_show_text_before_share":"","sfsi_plus_gutenberg_icon_type":"","sfsi_plus_gutenberg_icon_alignemt":"","sfsi_plus_gutenburg_max_per_row":"","footnotes":""},"categories":[2],"tags":[],"class_list":["post-45967","post","type-post","status-publish","format-standard","has-post-thumbnail","hentry","category-geral"],"_links":{"self":[{"href":"https:\/\/www.caririemacao.com\/1\/wp-json\/wp\/v2\/posts\/45967","targetHints":{"allow":["GET"]}}],"collection":[{"href":"https:\/\/www.caririemacao.com\/1\/wp-json\/wp\/v2\/posts"}],"about":[{"href":"https:\/\/www.caririemacao.com\/1\/wp-json\/wp\/v2\/types\/post"}],"author":[{"embeddable":true,"href":"https:\/\/www.caririemacao.com\/1\/wp-json\/wp\/v2\/users\/2"}],"replies":[{"embeddable":true,"href":"https:\/\/www.caririemacao.com\/1\/wp-json\/wp\/v2\/comments?post=45967"}],"version-history":[{"count":0,"href":"https:\/\/www.caririemacao.com\/1\/wp-json\/wp\/v2\/posts\/45967\/revisions"}],"wp:featuredmedia":[{"embeddable":true,"href":"https:\/\/www.caririemacao.com\/1\/wp-json\/wp\/v2\/media\/45969"}],"wp:attachment":[{"href":"https:\/\/www.caririemacao.com\/1\/wp-json\/wp\/v2\/media?parent=45967"}],"wp:term":[{"taxonomy":"category","embeddable":true,"href":"https:\/\/www.caririemacao.com\/1\/wp-json\/wp\/v2\/categories?post=45967"},{"taxonomy":"post_tag","embeddable":true,"href":"https:\/\/www.caririemacao.com\/1\/wp-json\/wp\/v2\/tags?post=45967"}],"curies":[{"name":"wp","href":"https:\/\/api.w.org\/{rel}","templated":true}]}}