{"id":46154,"date":"2018-04-02T10:14:45","date_gmt":"2018-04-02T13:14:45","guid":{"rendered":"http:\/\/caririemacao.com\/1\/?p=46154"},"modified":"2018-04-02T10:14:45","modified_gmt":"2018-04-02T13:14:45","slug":"alvo-na-operacao-skala-desembarca-em-sp-vindo-dos-eua","status":"publish","type":"post","link":"https:\/\/www.caririemacao.com\/1\/2018\/04\/02\/alvo-na-operacao-skala-desembarca-em-sp-vindo-dos-eua\/","title":{"rendered":"Alvo na Opera\u00e7\u00e3o Skala desembarca em SP vindo dos EUA"},"content":{"rendered":"<div class=\"mc-column content-text active-extra-styles active-capital-letter\" data-block-type=\"unstyled\" data-block-weight=\"40\" data-block-id=\"1\">\n<p class=\"content-text__container theme-color-primary-first-letter\" data-track-category=\"Link no Texto\" data-track-links=\"\">Um dos alvos da Opera\u00e7\u00e3o Skala, Gon\u00e7alo Borges Torrealba, s\u00f3cio do Grupo Libra, desembarcou no Aeroporto de Cumbica, em Guarulhos, na Grande S\u00e3o Paulo, vindo de Nova York, nos Estados Unidos, na manh\u00e3 desta segunda-feira (2). Torrealba pousou \u00e0s 8h.<\/p>\n<\/div>\n<div class=\"mc-column content-text active-extra-styles \" data-block-type=\"unstyled\" data-block-weight=\"40\" data-block-id=\"2\">\n<p class=\"content-text__container \" data-track-category=\"Link no Texto\" data-track-links=\"\">Em despacho deste domingo (1\u00ba),\u00a0o ministro Lu\u00eds Roberto Barroso, do Supremo Tribunal Federal (STF), determinou que os tr\u00eas s\u00f3cios do Grupo Libra\u00a0que estavam no exterior se apresentem \u00e0s autoridades policiais assim que desembarcarem no Brasil para prestarem depoimento.<\/p>\n<\/div>\n<div class=\"mc-column content-text active-extra-styles \" data-block-type=\"unstyled\" data-block-weight=\"41\" data-block-id=\"3\">\n<p class=\"content-text__container \" data-track-category=\"Link no Texto\" data-track-links=\"\">Al\u00e9m de Gon\u00e7alo, Rodrigo Borges Torrealba, Ana Carolina Borges Torrealba Affonso tiveram a pris\u00e3o decretada na \u00faltima quinta-feira pelo ministro, mas estavam no exterior. Por isso, n\u00e3o chegaram a ser presos e, consequentemente, ainda n\u00e3o foram ouvidos. As pris\u00f5es foram revogadas.<\/p>\n<\/div>\n<div class=\"mc-column content-text active-extra-styles \" data-block-type=\"unstyled\" data-block-weight=\"14\" data-block-id=\"4\">\n<p class=\"content-text__container \" data-track-category=\"Link no Texto\" data-track-links=\"\">A Pol\u00edcia Federal informou que Torrealba vai depor \u00e0 PF do Rio de Janeiro.<\/p>\n<\/div>\n<div class=\"mc-column content-text active-extra-styles \" data-block-type=\"unstyled\" data-block-weight=\"29\" data-block-id=\"5\">\n<p class=\"content-text__container \" data-track-category=\"Link no Texto\" data-track-links=\"\">O ministro tamb\u00e9m afirmou no documento que, ap\u00f3s os depoimentos dos tr\u00eas, ele ouvir\u00e1 a Procuradoria Geral da Rep\u00fablica sobre a necessidade ou n\u00e3o da decreta\u00e7\u00e3o de pris\u00e3o tempor\u00e1ria.<\/p>\n<\/div>\n<div class=\"mc-column content-text active-extra-styles \" data-block-type=\"unstyled\" data-block-weight=\"36\" data-block-id=\"6\">\n<p class=\"content-text__container \" data-track-category=\"Link no Texto\" data-track-links=\"\">Neste s\u00e1bado, Raquel Dodge\u00a0pediu a revoga\u00e7\u00e3o das 13 pris\u00f5es da Opera\u00e7\u00e3o Skala, incluindo a dos tr\u00eas s\u00f3cios da Libra. Horas depois, Barroso acatou o pedido e determinou a soltura de todos os alvos da opera\u00e7\u00e3o.<\/p>\n<\/div>\n<div class=\"mc-column content-text active-extra-styles \" data-block-type=\"unstyled\" data-block-weight=\"24\" data-block-id=\"7\">\n<p class=\"content-text__container \" data-track-category=\"Link no Texto\" data-track-links=\"\">No pedido, a procuradora-geral da Rep\u00fablica, Raquel Dodge, afirmou que o objetivo das pris\u00f5es, de instruir as investiga\u00e7\u00f5es em curso, j\u00e1 havia sido cumprido.<\/p>\n<\/div>\n<div class=\"mc-column content-text active-extra-styles \" data-block-type=\"unstyled\" data-block-weight=\"66\" data-block-id=\"8\">\n<p class=\"content-text__container \" data-track-category=\"Link no Texto\" data-track-links=\"\">A Opera\u00e7\u00e3o Skala, deflagrada nesta quinta-feira (29) pela Pol\u00edcia Federal, faz parte das medidas solicitadas pela procuradora-geral da Rep\u00fablica, Raquel Dodge \u2013 e autorizada pelo ministro Lu\u00eds Roberto Barroso, do Supremo Tribunal Federal (STF) \u2013 com o objetivo de coletar provas para o inqu\u00e9rito que investiga se o presidente Michel Temer editou um decreto a fim de favorecer empresas portu\u00e1rias em troca de propina. Temer nega.<\/p>\n<\/div>\n<div class=\"mc-column content-text active-extra-styles \" data-block-type=\"unstyled\" data-block-weight=\"68\" data-block-id=\"9\">\n<p class=\"content-text__container \" data-track-category=\"Link no Texto\" data-track-links=\"\">Uma dessas empresas, a Rodrimar, foi alvo de busca e apreens\u00e3o nesta quinta em Santos. O dono da empresa, Ant\u00f4nio Celso Greco, foi preso. Al\u00e9m dele, a PF tamb\u00e9m prendeu dois amigos de Temer \u2013 o advogado Jos\u00e9 Yunes e o ex-coronel Jo\u00e3o Baptista Lima Filho. Tamb\u00e9m foi preso o ex-ministro Wagner Rossi, um assessor dele, Milton Ortolan, e uma empres\u00e1ria do grupo Libra, do Rio de Janeiro.<\/p>\n<\/div>\n<div class=\"mc-column content-text active-extra-styles\" data-block-type=\"raw\" data-block-weight=\"10\" data-block-id=\"12\">\n<div class=\"content-intertitle\">\n<h2>O que \u00e9 o inqu\u00e9rito sobre o decreto dos portos?<\/h2>\n<\/div>\n<\/div>\n<div class=\"mc-column content-text active-extra-styles \" data-block-type=\"unstyled\" data-block-weight=\"24\" data-block-id=\"13\">\n<p class=\"content-text__container \" data-track-category=\"Link no Texto\" data-track-links=\"\">O inqu\u00e9rito investiga o suposto pagamento de propina por empresas do setor dos portos para agentes do governo em troca de favorecimentos nos contratos.<\/p>\n<\/div>\n<div class=\"mc-column content-text active-extra-styles \" data-block-type=\"unstyled\" data-block-weight=\"17\" data-block-id=\"14\">\n<p class=\"content-text__container \" data-track-category=\"Link no Texto\" data-track-links=\"\">Foi instaurado a partir dos depoimentos de Joesley Batista e Ricardo Saud, delatores da Opera\u00e7\u00e3o Lava Jato.<\/p>\n<\/div>\n<div class=\"mc-column content-text active-extra-styles \" data-block-type=\"unstyled\" data-block-weight=\"33\" data-block-id=\"15\">\n<p class=\"content-text__container \" data-track-category=\"Link no Texto\" data-track-links=\"\">Em maio de 2017, um decreto assinado pelo presidente Michel Temer aumentou o prazo das concess\u00f5es das \u00e1reas portu\u00e1rias de 25 anos para 35 anos, com chance de prorroga\u00e7\u00e3o por at\u00e9 70 anos.<\/p>\n<\/div>\n<div class=\"mc-column content-text active-extra-styles \" data-block-type=\"unstyled\" data-block-weight=\"23\" data-block-id=\"16\">\n<p class=\"content-text__container \" data-track-category=\"Link no Texto\" data-track-links=\"\">Segundo a Procuradoria Geral da Rep\u00fablica, esse decreto teria sido editado em troca de pagamento de propina ao presidente e seus principais aliados.<\/p>\n<\/div>\n<div class=\"mc-column content-text active-extra-styles\" data-block-type=\"raw\" data-block-weight=\"5\" data-block-id=\"17\">\n<div class=\"content-intertitle\">\n<h2>Temer \u00e9 investigado na opera\u00e7\u00e3o?<\/h2>\n<\/div>\n<\/div>\n<div class=\"mc-column content-text active-extra-styles \" data-block-type=\"unstyled\" data-block-weight=\"23\" data-block-id=\"18\">\n<p class=\"content-text__container \" data-track-category=\"Link no Texto\" data-track-links=\"\">Sim. O Supremo Tribunal Federal (STF) enviou 50 perguntas elaboradas pela Pol\u00edcia Federal (PF) para o presidente Michel Temer em janeiro deste ano.<\/p>\n<\/div>\n<div class=\"mc-column content-text active-extra-styles \" data-block-type=\"unstyled\" data-block-weight=\"33\" data-block-id=\"19\">\n<p class=\"content-text__container \" data-track-category=\"Link no Texto\" data-track-links=\"\">O delegado da PF Cleyber Malta Lopes perguntou se o presidente foi procurado por representantes do setor de portos. Ele queria saber se Temer chegou a receber pedidos para a amplia\u00e7\u00e3o dos contratos.<\/p>\n<\/div>\n<div class=\"mc-column content-text active-extra-styles \" data-block-type=\"unstyled\" data-block-weight=\"42\" data-block-id=\"20\">\n<p class=\"content-text__container \" data-track-category=\"Link no Texto\" data-track-links=\"\">A pol\u00edcia tamb\u00e9m investiga se o presidente recebeu oferta de dinheiro, ainda que em forma de doa\u00e7\u00e3o para a campanha eleitoral \u2013 formal ou caixa dois \u2013 para criar decretos ou dispositivos legais em benef\u00edcio das empresas que atuam no setor portu\u00e1rio.<\/p>\n<\/div>\n<div class=\"mc-column content-text active-extra-styles \" data-block-type=\"unstyled\" data-block-weight=\"33\" data-block-id=\"21\">\n<p class=\"content-text__container \" data-track-category=\"Link no Texto\" data-track-links=\"\">Em grava\u00e7\u00f5es divulgadas em maio do ano passado, o ex-assessor especial da presid\u00eancia, Rodrigo Rocha Loures, conversa com Gustavo Rocha, chefe para assuntos jur\u00eddicos da Casa Civil. Ele defende a mudan\u00e7a no decreto.<\/p>\n<\/div>\n<div class=\"mc-column content-text active-extra-styles \" data-block-type=\"unstyled\" data-block-weight=\"16\" data-block-id=\"22\">\n<p class=\"content-text__container \" data-track-category=\"Link no Texto\" data-track-links=\"\">Em mar\u00e7o deste ano, o ministro Lu\u00eds Roberto Barros autorizou a quebra de sigilo de Temer.<\/p>\n<\/div>\n<div class=\"mc-column content-text active-extra-styles \" data-block-type=\"unstyled\" data-block-weight=\"66\" data-block-id=\"23\">\n<p class=\"content-text__container \" data-track-category=\"Link no Texto\" data-track-links=\"\">Entre os elementos apresentados na investiga\u00e7\u00e3o, segundo decis\u00e3o do ministro Barroso, est\u00e1 uma \u201cplanilha cont\u00e1bil em que aparecem, como recebedores de recursos das empresas Libra, Rodrimar e Multicargo as siglas MT, MA e L, que permitem supor sejam o presidente Michel Temer, Marcelo Azeredo, presidente da Codesp entre 1995 e 1998, indicado por ele (Temer), e o amigo pessoal de Temer, coronel Jo\u00e3o Baptista Lima Filho\u201d.<\/p>\n<\/div>\n<div data-track-category=\"fim do conteudo\" data-track-action=\"ultimo chunk conteudo\" data-track-noninteraction=\"false\" data-track-scroll=\"entrada completa viewport\">\n<div class=\"mc-column content-text active-extra-styles \" data-block-type=\"unstyled\" data-block-weight=\"46\" data-block-id=\"25\">\n<p class=\"content-text__container \" data-track-category=\"Link no Texto\" data-track-links=\"\">Tamb\u00e9m \u00e9 investigada uma reforma na casa de Maristela Temer, filha do presidente. A obra foi conduzida pela arquiteta Maria Rita Fratezi, mulher de Jo\u00e3o Batista Lima Filho, que teria recebido pagamentos de altos valores em esp\u00e9cie, segundo a investiga\u00e7\u00e3o. Maria Rita foi itimada a depor.<\/p>\n<p><strong>CARIRI EM A\u00c7\u00c3O<\/strong><\/p>\n<p><em>Com G1<\/em><em>\/Foto: Reprodu\u00e7\u00e3o Internet<\/em><\/p>\n<p><strong>Leia mais not\u00edcias em\u00a0<a href=\"http:\/\/www.caririemacao.com\/\">caririemacao.com<\/a>, siga nossa p\u00e1gina no\u00a0<a href=\"https:\/\/www.facebook.com\/CaririEmAcao\/?ref=aymt_homepage_panel\">Facebook<\/a>,\u00a0<a href=\"https:\/\/www.instagram.com\/cariri_em_acao\/?hl=pt-br\">Instagram<\/a>\u00a0e\u00a0<a href=\"https:\/\/www.youtube.com\/channel\/UCAptA0jQuYQy8vMhLt2m4qg\">Youtube<\/a>\u00a0e veja nossas mat\u00e9rias, v\u00eddeos e fotos. Voc\u00ea tamb\u00e9m pode enviar informa\u00e7\u00f5es \u00e0 Reda\u00e7\u00e3o do Portal Cariri em A\u00e7\u00e3o pelo WhatsApp (83) 9 9634.5791, (83) 9 9601-1162.<\/strong><\/p>\n<\/div>\n<\/div>\n","protected":false},"excerpt":{"rendered":"<p>Um dos alvos da Opera\u00e7\u00e3o Skala, Gon\u00e7alo Borges Torrealba, s\u00f3cio do Grupo Libra, desembarcou no Aeroporto de Cumbica, em Guarulhos, na Grande S\u00e3o Paulo, vindo&hellip; <\/p>\n","protected":false},"author":2,"featured_media":46160,"comment_status":"closed","ping_status":"closed","sticky":false,"template":"","format":"standard","meta":{"sfsi_plus_gutenberg_text_before_share":"","sfsi_plus_gutenberg_show_text_before_share":"","sfsi_plus_gutenberg_icon_type":"","sfsi_plus_gutenberg_icon_alignemt":"","sfsi_plus_gutenburg_max_per_row":"","footnotes":""},"categories":[11],"tags":[],"class_list":["post-46154","post","type-post","status-publish","format-standard","has-post-thumbnail","hentry","category-politica"],"_links":{"self":[{"href":"https:\/\/www.caririemacao.com\/1\/wp-json\/wp\/v2\/posts\/46154","targetHints":{"allow":["GET"]}}],"collection":[{"href":"https:\/\/www.caririemacao.com\/1\/wp-json\/wp\/v2\/posts"}],"about":[{"href":"https:\/\/www.caririemacao.com\/1\/wp-json\/wp\/v2\/types\/post"}],"author":[{"embeddable":true,"href":"https:\/\/www.caririemacao.com\/1\/wp-json\/wp\/v2\/users\/2"}],"replies":[{"embeddable":true,"href":"https:\/\/www.caririemacao.com\/1\/wp-json\/wp\/v2\/comments?post=46154"}],"version-history":[{"count":0,"href":"https:\/\/www.caririemacao.com\/1\/wp-json\/wp\/v2\/posts\/46154\/revisions"}],"wp:featuredmedia":[{"embeddable":true,"href":"https:\/\/www.caririemacao.com\/1\/wp-json\/wp\/v2\/media\/46160"}],"wp:attachment":[{"href":"https:\/\/www.caririemacao.com\/1\/wp-json\/wp\/v2\/media?parent=46154"}],"wp:term":[{"taxonomy":"category","embeddable":true,"href":"https:\/\/www.caririemacao.com\/1\/wp-json\/wp\/v2\/categories?post=46154"},{"taxonomy":"post_tag","embeddable":true,"href":"https:\/\/www.caririemacao.com\/1\/wp-json\/wp\/v2\/tags?post=46154"}],"curies":[{"name":"wp","href":"https:\/\/api.w.org\/{rel}","templated":true}]}}