{"id":46163,"date":"2018-04-02T10:20:31","date_gmt":"2018-04-02T13:20:31","guid":{"rendered":"http:\/\/caririemacao.com\/1\/?p=46163"},"modified":"2018-04-02T10:20:31","modified_gmt":"2018-04-02T13:20:31","slug":"diogo-barbosa-keno-veja-quem-pode-ter-chance-no-palmeiras-na-libertadores","status":"publish","type":"post","link":"https:\/\/www.caririemacao.com\/1\/2018\/04\/02\/diogo-barbosa-keno-veja-quem-pode-ter-chance-no-palmeiras-na-libertadores\/","title":{"rendered":"Diogo Barbosa, Keno&#8230; Veja quem pode ter chance no Palmeiras na Libertadores"},"content":{"rendered":"<div class=\"mc-column content-text active-extra-styles active-capital-letter\" data-block-type=\"unstyled\" data-block-weight=\"45\" data-block-id=\"1\">\n<p class=\"content-text__container theme-color-primary-first-letter\" data-track-category=\"Link no Texto\" data-track-links=\"\">Em fun\u00e7\u00e3o do\u00a0desgaste f\u00edsico apresentado pelo elenco nos \u00faltimos jogos, o Palmeiras dever\u00e1 ter novidades no time diante do Alianza Lima, do Peru, \u00e0s 21h30 (de Bras\u00edlia) desta ter\u00e7a-feira. A partida na arena \u00e9 v\u00e1lida pela segunda rodada da fase de grupos da Libertadores.<\/p>\n<\/div>\n<div class=\"mc-column content-text active-extra-styles \" data-block-type=\"unstyled\" data-block-weight=\"47\" data-block-id=\"2\">\n<p class=\"content-text__container \" data-track-category=\"Link no Texto\" data-track-links=\"\">Uma mudan\u00e7a prov\u00e1vel \u00e9 a entrada de Diogo Barbosa no lugar de Victor Luis. O lateral-esquerdo foi substitu\u00eddo na primeira final do Campeonato Paulista, contra o Corinthians, ap\u00f3s se queixar de dores na coxa esquerda. Os\u00a0exames m\u00e9dicos descartaram les\u00e3o, mas mostraram uma sobrecarga no tend\u00e3o adutor.<\/p>\n<\/div>\n<div class=\"mc-column content-text active-extra-styles \" data-block-type=\"unstyled\" data-block-weight=\"33\" data-block-id=\"4\">\n<p class=\"content-text__container \" data-track-category=\"Link no Texto\" data-track-links=\"\">Quem tamb\u00e9m pediu para sair no segundo tempo em Itaquera foi Bruno Henrique. O volante n\u00e3o tem qualquer limita\u00e7\u00e3o m\u00e9dica, mas tem atuado em sequ\u00eancia e vem sendo sacado por conta de desgaste.<\/p>\n<div class=\"mc-column content-text active-extra-styles \" data-block-type=\"unstyled\" data-block-weight=\"45\" data-block-id=\"6\">\n<p class=\"content-text__container \" data-track-category=\"Link no Texto\" data-track-links=\"\">Felipe Melo, seu companheiro de meio de campo, n\u00e3o deve ser poupado porque ser\u00e1 baixa no domingo, na segunda final contra o Corinthians, ap\u00f3s ter recebido cart\u00e3o vermelho no jogo de ida.\u00a0Um prov\u00e1vel parceiro \u00e9 Mois\u00e9s, que j\u00e1 entrou no intervalo, no \u00faltimo s\u00e1bado.<\/p>\n<\/div>\n<div class=\"mc-column content-text active-extra-styles \" data-block-type=\"unstyled\" data-block-weight=\"48\" data-block-id=\"7\">\n<p class=\"content-text__container \" data-track-category=\"Link no Texto\" data-track-links=\"\">Outro que pode ganhar nova chance na equipe \u00e9 Keno. O ponta vinha se destacando at\u00e9 o retorno de Borja da sele\u00e7\u00e3o colombiana e s\u00f3 n\u00e3o foi a campo na etapa final, em Itaquera, porque Bruno Henrique pediu altera\u00e7\u00e3o. Neste caso, Willian ou Dudu podem come\u00e7ar no banco.<\/p>\n<p class=\"content-text__container \" data-track-category=\"Link no Texto\" data-track-links=\"\">\u2013 Eu quero jogar, sim. Vou descansar dois dias para fazer um grande jogo na ter\u00e7a-feira \u2013 refutou o capit\u00e3o, ao deixar o est\u00e1dio em Itaquera.<\/p>\n<\/div>\n<div class=\"mc-column content-text active-extra-styles \" data-block-type=\"unstyled\" data-block-weight=\"30\" data-block-id=\"10\">\n<p class=\"content-text__container \" data-track-category=\"Link no Texto\" data-track-links=\"\">Na lateral direita, at\u00e9 para dar descanso a Marcos Rocha, Tch\u00ea Tch\u00ea e Mayke (que se recuperou de les\u00e3o e tem treinado com o grupo) s\u00e3o alternativas para Roger Machado.<\/p>\n<\/div>\n<div class=\"mc-column content-text active-extra-styles\" data-block-type=\"raw\" data-block-weight=\"4\" data-block-id=\"11\">\n<div class=\"content-intertitle\">\n<h2>Alianza Lima mais descansado<\/h2>\n<\/div>\n<\/div>\n<div class=\"mc-column content-text active-extra-styles \" data-block-type=\"unstyled\" data-block-weight=\"51\" data-block-id=\"12\">\n<p class=\"content-text__container \" data-track-category=\"Link no Texto\" data-track-links=\"\">O advers\u00e1rio desembarcou em S\u00e3o Paulo na tarde do \u00faltimo domingo e, antes de fazer reconhecimento do gramado da arena do Palmeiras nesta segunda-feira, dever\u00e1 fazer apenas trabalhos f\u00edsicos no hotel em que est\u00e1 hospedado.\u00a0A \u00faltima partida da equipe visitante foi na sexta-feira, quando derrotou o Ayacucho, pelo Campeonato Peruano.<\/p>\n<\/div>\n<div data-track-category=\"fim do conteudo\" data-track-action=\"ultimo chunk conteudo\" data-track-noninteraction=\"false\" data-track-scroll=\"entrada completa viewport\">\n<div class=\"mc-column content-text active-extra-styles \" data-block-type=\"unstyled\" data-block-weight=\"30\" data-block-id=\"14\">\n<p class=\"content-text__container \" data-track-category=\"Link no Texto\" data-track-links=\"\">Enquanto o Palmeiras lidera o Grupo 8, com tr\u00eas pontos, Alianza Lima e Boca Juniors (Argentina) somam um ponto cada. O Junior Barranquilla \u00e9 o \u00faltimo colocado, sem nenhum ponto.<\/p>\n<p><strong>CARIRI EM A\u00c7\u00c3O<\/strong><\/p>\n<p>Com Ge\/Foto:\u00a0Cesar Greco<\/p>\n<p>Leia mais not\u00edcias em\u00a0caririemacao.com, siga nossa p\u00e1gina no\u00a0Facebook,\u00a0Instagram\u00a0e\u00a0Youtube\u00a0e veja nossas mat\u00e9rias, v\u00eddeos e fotos. Voc\u00ea tamb\u00e9m pode enviar informa\u00e7\u00f5es \u00e0 Reda\u00e7\u00e3o do Portal Cariri em A\u00e7\u00e3o pelo WhatsApp (83) 9 9634.5791, (83) 9 9601-1162.<\/p>\n<\/div>\n<\/div>\n<\/div>\n","protected":false},"excerpt":{"rendered":"<p>Em fun\u00e7\u00e3o do\u00a0desgaste f\u00edsico apresentado pelo elenco nos \u00faltimos jogos, o Palmeiras dever\u00e1 ter novidades no time diante do Alianza Lima, do Peru, \u00e0s 21h30&hellip; <\/p>\n","protected":false},"author":2,"featured_media":46167,"comment_status":"closed","ping_status":"closed","sticky":false,"template":"","format":"standard","meta":{"sfsi_plus_gutenberg_text_before_share":"","sfsi_plus_gutenberg_show_text_before_share":"","sfsi_plus_gutenberg_icon_type":"","sfsi_plus_gutenberg_icon_alignemt":"","sfsi_plus_gutenburg_max_per_row":"","footnotes":""},"categories":[13],"tags":[],"class_list":["post-46163","post","type-post","status-publish","format-standard","has-post-thumbnail","hentry","category-esportes"],"_links":{"self":[{"href":"https:\/\/www.caririemacao.com\/1\/wp-json\/wp\/v2\/posts\/46163","targetHints":{"allow":["GET"]}}],"collection":[{"href":"https:\/\/www.caririemacao.com\/1\/wp-json\/wp\/v2\/posts"}],"about":[{"href":"https:\/\/www.caririemacao.com\/1\/wp-json\/wp\/v2\/types\/post"}],"author":[{"embeddable":true,"href":"https:\/\/www.caririemacao.com\/1\/wp-json\/wp\/v2\/users\/2"}],"replies":[{"embeddable":true,"href":"https:\/\/www.caririemacao.com\/1\/wp-json\/wp\/v2\/comments?post=46163"}],"version-history":[{"count":0,"href":"https:\/\/www.caririemacao.com\/1\/wp-json\/wp\/v2\/posts\/46163\/revisions"}],"wp:featuredmedia":[{"embeddable":true,"href":"https:\/\/www.caririemacao.com\/1\/wp-json\/wp\/v2\/media\/46167"}],"wp:attachment":[{"href":"https:\/\/www.caririemacao.com\/1\/wp-json\/wp\/v2\/media?parent=46163"}],"wp:term":[{"taxonomy":"category","embeddable":true,"href":"https:\/\/www.caririemacao.com\/1\/wp-json\/wp\/v2\/categories?post=46163"},{"taxonomy":"post_tag","embeddable":true,"href":"https:\/\/www.caririemacao.com\/1\/wp-json\/wp\/v2\/tags?post=46163"}],"curies":[{"name":"wp","href":"https:\/\/api.w.org\/{rel}","templated":true}]}}