{"id":46173,"date":"2018-04-02T10:22:42","date_gmt":"2018-04-02T13:22:42","guid":{"rendered":"http:\/\/caririemacao.com\/1\/?p=46173"},"modified":"2018-04-02T10:22:42","modified_gmt":"2018-04-02T13:22:42","slug":"uso-excessivo-de-aparelhos-eletronicos-pode-causar-miopia","status":"publish","type":"post","link":"https:\/\/www.caririemacao.com\/1\/2018\/04\/02\/uso-excessivo-de-aparelhos-eletronicos-pode-causar-miopia\/","title":{"rendered":"Uso excessivo de aparelhos eletr\u00f4nicos pode causar miopia"},"content":{"rendered":"<p>A miopia \u00e9 caracterizada pela dificuldade de enxergar de longe. At\u00e9 2050, metade da popula\u00e7\u00e3o brasileira e mundial ter\u00e1 este problema de vis\u00e3o segundo Academia Americana de Oftalmologia (AAO). De acordo com a Organiza\u00e7\u00e3o Mundial da Sa\u00fade (OMS), a doen\u00e7a \u00e9 a terceira principal causa de cegueira.<\/p>\n<p>\u2014 Este boom da miopia j\u00e1 est\u00e1 sendo observado l\u00e1 no Oriente, nos pa\u00edses que come\u00e7aram com o uso da internet e dos aparelhos tecnol\u00f3gicos h\u00e1 muitos anos. As taxas de miopia entre os alunos do ensino m\u00e9dio est\u00e3o muito altas \u2014 afirma o oftalmologista Le\u00f4ncio Queiroz Neto, do Instituto Penido Burnier, de Campinas.<\/p>\n<p>Al\u00e9m da hereditariedade, uma das causas que podem justificar esta \u201cepidemia\u201d \u00e9 o uso em excesso de tecnologias. Um estudo conduzido pelo m\u00e9dico com 360 crian\u00e7as de 6 a 9 anos mostra que a miopia pode estar relacionada ao grande esfor\u00e7o visual para perto imposto por horas em frente \u00e0s telas eletr\u00f4nicas.<\/p>\n<p>\u2014 \u00c9 a miopia acomodativa, uma dificuldade tempor\u00e1ria de enxergar \u00e0 dist\u00e2ncia que pode se tornar permanente se o h\u00e1bito n\u00e3o for modificado \u2014 alerta Le\u00f4ncio.<\/p>\n<p>Segundo Kimble Mattos, oftalmologista parceiro da Zeiss, o m\u00edope tem facilidade de enxergar de perto e, diante de um aparelho eletr\u00f4nico, a vis\u00e3o para longe n\u00e3o \u00e9 estimulada.<\/p>\n<p><strong>N\u00e3o h\u00e1 cura, mas tratamento retarda avan\u00e7o<\/strong><\/p>\n<p>Segundo o estudo da AAO, cerca de 10% da popula\u00e7\u00e3o mundial ter\u00e3o alta miopia (grau maior que sete), problema que tem car\u00e1ter degenerativo e que abre caminho para outras complica\u00e7\u00f5es, como glaucoma, catarata, press\u00e3o ocular e descolamento de retina.<\/p>\n<p>A miopia n\u00e3o tem cura. Quanto antes for diagnosticada, mais adequado \u00e9 o tratamento, aumentando as chances de sucesso.<\/p>\n<p>\u2014 \u00c9 importante fazer o diagn\u00f3stico precocemente e come\u00e7ar a corre\u00e7\u00e3o \u2014 avisa Kimble, que completa: \u2014 O tratamento pode ser feito com \u00f3culos ou lentes de contato. Hoje tamb\u00e9m temos a corre\u00e7\u00e3o cir\u00fargica a laser. Nos altos m\u00edopes, temos as lentes de c\u00e2mara interior, que s\u00e3o implantadas dentro do olho.<\/p>\n<p>Quem se submete \u00e0 opera\u00e7\u00e3o deixa de usar \u00f3culos, mas continua m\u00edope.<\/p>\n<p><strong>Cuidados<\/strong><\/p>\n<p>Descanso: A cada hora mexendo no celular, tablet ou computador, deixe o olho descansar pelo menos 20 minutos. Use este tempo para olhar para pontos distantes.<\/p>\n<p>Ar livre: A pr\u00e1tica de atividades ao ar livre pode ajudar a evitar a miopia. Isso porque a luz externa faz a pupila contrair e ajuda aprofundar o foco.<\/p>\n<p>Alimenta\u00e7\u00e3o: O excesso de a\u00e7\u00facar na alimenta\u00e7\u00e3o eleva a produ\u00e7\u00e3o de insulina e favorece o crescimento do eixo \u00f3ptico, que caracteriza a miopia.<\/p>\n<p>Aten\u00e7\u00e3o aos sinais: Se seus filhos cerram os olhos para conseguir enxergar algo distante, chegam perto demais da TV ou do celular, leve-os ao oftalmologista para uma avalia\u00e7\u00e3o, pois estes s\u00e3o sintomas de miopia.<\/p>\n<p><strong>CARIRI EM A\u00c7\u00c3O<\/strong><\/p>\n<p><em>Com Extra\/Foto: Reprodu\u00e7\u00e3o google<\/em><\/p>\n<p><strong>Leia mais not\u00edcias em\u00a0<\/strong><a href=\"http:\/\/www.caririemacao.com\/\"><strong>caririemacao.com<\/strong><\/a><strong>, siga nossa p\u00e1gina no\u00a0<\/strong><a href=\"https:\/\/www.facebook.com\/CaririEmAcao\/?ref=aymt_homepage_panel\"><strong>Facebook<\/strong><\/a>,<strong>\u00a0<\/strong><a href=\"https:\/\/www.instagram.com\/cariri_em_acao\/?hl=pt-br\"><strong>Instagram<\/strong><\/a><strong>\u00a0e\u00a0<\/strong><a href=\"https:\/\/www.youtube.com\/channel\/UCAptA0jQuYQy8vMhLt2m4qg\"><strong>Youtube<\/strong><\/a><strong>\u00a0e veja nossas mat\u00e9rias, v\u00eddeos e fotos. Voc\u00ea tamb\u00e9m pode enviar informa\u00e7\u00f5es \u00e0 Reda\u00e7\u00e3o do Portal Cariri em A\u00e7\u00e3o pelo WhatsApp (83) 9 9634.5791, (83) 9 9601-1162.<\/strong><\/p>\n","protected":false},"excerpt":{"rendered":"<p>A miopia \u00e9 caracterizada pela dificuldade de enxergar de longe. At\u00e9 2050, metade da popula\u00e7\u00e3o brasileira e mundial ter\u00e1 este problema de vis\u00e3o segundo Academia&hellip; <\/p>\n","protected":false},"author":2,"featured_media":46175,"comment_status":"closed","ping_status":"closed","sticky":false,"template":"","format":"standard","meta":{"sfsi_plus_gutenberg_text_before_share":"","sfsi_plus_gutenberg_show_text_before_share":"","sfsi_plus_gutenberg_icon_type":"","sfsi_plus_gutenberg_icon_alignemt":"","sfsi_plus_gutenburg_max_per_row":"","footnotes":""},"categories":[16],"tags":[],"class_list":["post-46173","post","type-post","status-publish","format-standard","has-post-thumbnail","hentry","category-saude"],"_links":{"self":[{"href":"https:\/\/www.caririemacao.com\/1\/wp-json\/wp\/v2\/posts\/46173","targetHints":{"allow":["GET"]}}],"collection":[{"href":"https:\/\/www.caririemacao.com\/1\/wp-json\/wp\/v2\/posts"}],"about":[{"href":"https:\/\/www.caririemacao.com\/1\/wp-json\/wp\/v2\/types\/post"}],"author":[{"embeddable":true,"href":"https:\/\/www.caririemacao.com\/1\/wp-json\/wp\/v2\/users\/2"}],"replies":[{"embeddable":true,"href":"https:\/\/www.caririemacao.com\/1\/wp-json\/wp\/v2\/comments?post=46173"}],"version-history":[{"count":0,"href":"https:\/\/www.caririemacao.com\/1\/wp-json\/wp\/v2\/posts\/46173\/revisions"}],"wp:featuredmedia":[{"embeddable":true,"href":"https:\/\/www.caririemacao.com\/1\/wp-json\/wp\/v2\/media\/46175"}],"wp:attachment":[{"href":"https:\/\/www.caririemacao.com\/1\/wp-json\/wp\/v2\/media?parent=46173"}],"wp:term":[{"taxonomy":"category","embeddable":true,"href":"https:\/\/www.caririemacao.com\/1\/wp-json\/wp\/v2\/categories?post=46173"},{"taxonomy":"post_tag","embeddable":true,"href":"https:\/\/www.caririemacao.com\/1\/wp-json\/wp\/v2\/tags?post=46173"}],"curies":[{"name":"wp","href":"https:\/\/api.w.org\/{rel}","templated":true}]}}