{"id":46179,"date":"2018-04-02T10:28:00","date_gmt":"2018-04-02T13:28:00","guid":{"rendered":"http:\/\/caririemacao.com\/1\/?p=46179"},"modified":"2018-04-02T10:28:00","modified_gmt":"2018-04-02T13:28:00","slug":"filho-mata-o-pai-e-amante-a-tiros-dentro-de-bar","status":"publish","type":"post","link":"https:\/\/www.caririemacao.com\/1\/2018\/04\/02\/filho-mata-o-pai-e-amante-a-tiros-dentro-de-bar\/","title":{"rendered":"Filho mata o pai e amante a tiros dentro de bar"},"content":{"rendered":"<p>Um casal foi assassinado a tiros na noite deste domingo, 1, dentro de um bar no Conjunto Ressurei\u00e7\u00e3o II na periferia de Campina Grande, Agreste da Para\u00edba.<\/p>\n<p>Informa\u00e7\u00f5es preliminares d\u00e3o conta que, as v\u00edtimas conhecidas como Clara e Badu, estavam bebendo no estabelecimento de propriedade do homem, quando um jovem apareceu atirando nos dois, que morreram no local.<\/p>\n<p>De acordo com a Pol\u00edcia, o acusado pelo duplo homic\u00eddio teria sido o pr\u00f3prio filho de Badu, identificado como Matheus Carneiro Irineu, de 18 anos, que se apresentou espontaneamente a pol\u00edcia e, confessou o crime.<\/p>\n<p>O jovem disse que estava revoltado com o pai, pois havia abandonado sua m\u00e3e para viver com a amante, uma garota bem mais jovem que a m\u00e3e.<\/p>\n<p>Ele est\u00e1 na Central de Pol\u00edcia, onde ficar\u00e1 \u00e0 disposi\u00e7\u00e3o da Justi\u00e7a.<\/p>\n<p><strong>CARIRI EM A\u00c7\u00c3O<\/strong><\/p>\n<p><em>Com Wscom\/Foto: Reprodu\u00e7\u00e3o Internet<\/em><\/p>\n<p><strong>Leia mais not\u00edcias em\u00a0<\/strong><a href=\"http:\/\/www.caririemacao.com\/\"><strong>caririemacao.com<\/strong><\/a><strong>, siga nossa p\u00e1gina no\u00a0<\/strong><a href=\"https:\/\/www.facebook.com\/CaririEmAcao\/?ref=aymt_homepage_panel\"><strong>Facebook<\/strong><\/a>,<strong>\u00a0<\/strong><a href=\"https:\/\/www.instagram.com\/cariri_em_acao\/?hl=pt-br\"><strong>Instagram<\/strong><\/a><strong>\u00a0e\u00a0<\/strong><a href=\"https:\/\/www.youtube.com\/channel\/UCAptA0jQuYQy8vMhLt2m4qg\"><strong>Youtube<\/strong><\/a><strong>\u00a0e veja nossas mat\u00e9rias, v\u00eddeos e fotos. Voc\u00ea tamb\u00e9m pode enviar informa\u00e7\u00f5es \u00e0 Reda\u00e7\u00e3o do Portal Cariri em A\u00e7\u00e3o pelo WhatsApp (83) 9 9634.5791, (83) 9 9601-1162.<\/strong><\/p>\n","protected":false},"excerpt":{"rendered":"<p>Um casal foi assassinado a tiros na noite deste domingo, 1, dentro de um bar no Conjunto Ressurei\u00e7\u00e3o II na periferia de Campina Grande, Agreste&hellip; <\/p>\n","protected":false},"author":2,"featured_media":37820,"comment_status":"closed","ping_status":"closed","sticky":false,"template":"","format":"standard","meta":{"sfsi_plus_gutenberg_text_before_share":"","sfsi_plus_gutenberg_show_text_before_share":"","sfsi_plus_gutenberg_icon_type":"","sfsi_plus_gutenberg_icon_alignemt":"","sfsi_plus_gutenburg_max_per_row":"","footnotes":""},"categories":[12],"tags":[],"class_list":["post-46179","post","type-post","status-publish","format-standard","has-post-thumbnail","hentry","category-policia"],"_links":{"self":[{"href":"https:\/\/www.caririemacao.com\/1\/wp-json\/wp\/v2\/posts\/46179","targetHints":{"allow":["GET"]}}],"collection":[{"href":"https:\/\/www.caririemacao.com\/1\/wp-json\/wp\/v2\/posts"}],"about":[{"href":"https:\/\/www.caririemacao.com\/1\/wp-json\/wp\/v2\/types\/post"}],"author":[{"embeddable":true,"href":"https:\/\/www.caririemacao.com\/1\/wp-json\/wp\/v2\/users\/2"}],"replies":[{"embeddable":true,"href":"https:\/\/www.caririemacao.com\/1\/wp-json\/wp\/v2\/comments?post=46179"}],"version-history":[{"count":0,"href":"https:\/\/www.caririemacao.com\/1\/wp-json\/wp\/v2\/posts\/46179\/revisions"}],"wp:featuredmedia":[{"embeddable":true,"href":"https:\/\/www.caririemacao.com\/1\/wp-json\/wp\/v2\/media\/37820"}],"wp:attachment":[{"href":"https:\/\/www.caririemacao.com\/1\/wp-json\/wp\/v2\/media?parent=46179"}],"wp:term":[{"taxonomy":"category","embeddable":true,"href":"https:\/\/www.caririemacao.com\/1\/wp-json\/wp\/v2\/categories?post=46179"},{"taxonomy":"post_tag","embeddable":true,"href":"https:\/\/www.caririemacao.com\/1\/wp-json\/wp\/v2\/tags?post=46179"}],"curies":[{"name":"wp","href":"https:\/\/api.w.org\/{rel}","templated":true}]}}