{"id":46190,"date":"2018-04-02T10:29:08","date_gmt":"2018-04-02T13:29:08","guid":{"rendered":"http:\/\/caririemacao.com\/1\/?p=46190"},"modified":"2018-04-02T10:29:08","modified_gmt":"2018-04-02T13:29:08","slug":"janot-critica-dodge-por-pedido-de-soltura-de-amigos-de-temer","status":"publish","type":"post","link":"https:\/\/www.caririemacao.com\/1\/2018\/04\/02\/janot-critica-dodge-por-pedido-de-soltura-de-amigos-de-temer\/","title":{"rendered":"Janot critica Dodge por pedido de soltura de amigos de Temer"},"content":{"rendered":"<p>Autor de duas den\u00fancias contra o presidente\u00a0Michel Temer\u00a0(MDB) em 2017, o ex-procurador-geral da Rep\u00fablica\u00a0Rodrigo Janot\u00a0criticou neste s\u00e1bado (31), em sua conta no Twitter, a manifesta\u00e7\u00e3o da atual chefe da Procuradoria-Geral da Rep\u00fablica (PGR),\u00a0Raquel Dodge, em que ela pediu ao Supremo Tribunal Federal (STF) a revoga\u00e7\u00e3o das pris\u00f5es tempor\u00e1rias da\u00a0Opera\u00e7\u00e3o Skala, que prendeu empres\u00e1rios e amigos de Temer na semana passada.<\/p>\n<p>O ministro\u00a0Lu\u00eds Roberto Barroso\u00a0acabou acatando o pedido de Dodge\u00a0e determinou a soltura dos presos, incluindo o advogado\u00a0Jos\u00e9 Yunes\u00a0e o coronel reformado da Pol\u00edcia Militar\u00a0Jo\u00e3o Baptista Lima Filho, pr\u00f3ximos ao presidente e, assim como ele, investigados no STF.<\/p>\n<p>\u201cN\u00e3o teria sido o caso ent\u00e3o de pedir condu\u00e7\u00e3o coercitiva ao inv\u00e9s de pris\u00e3o? Voltou a ser assim? E vai continuar sendo assim?\u201d, questionou Janot, ao compartilhar uma not\u00edcia sobre o pedido de sua sucessora ao STF. Quando a Skala foi deflagrada, na \u00faltima quinta-feira (29), o ex-procurador-geral tamb\u00e9m havia se manifestado por meio da rede social: \u201cCome\u00e7ou? Acho que sim\u201d.<\/p>\n<p>Ao contr\u00e1rio do que sugeriu o ex-chefe da PGR, contudo, as condu\u00e7\u00f5es coercitivas, quando os investigados s\u00e3o levados obrigatoriamente pela pol\u00edcia a prestar depoimento, n\u00e3o eram uma op\u00e7\u00e3o \u00e0 Opera\u00e7\u00e3o Skala. Isso porque este tipo de medida em investiga\u00e7\u00f5es criminais est\u00e1\u00a0proibido desde dezembro de 2017\u00a0por uma decis\u00e3o liminar do ministro do STF\u00a0Gilmar Mendes. O entendimento de Gilmar ainda ser\u00e1 submetido ao plen\u00e1rio da Corte.<\/p>\n<p>As pris\u00f5es tempor\u00e1rias da Opera\u00e7\u00e3o Skala foram autorizadas por Lu\u00eds Roberto Barroso no \u00e2mbito do inqu\u00e9rito 4621 do STF, que investiga se Temer e aliados seus receberam propina em troca de benef\u00edcios a empresas que operam no Porto de Santos, sobretudo a Rodrimar, por meio da edi\u00e7\u00e3o do Decreto dos Portos, em 2017. O prazo para o fim das pris\u00f5es era a pr\u00f3xima segunda-feira (2).<\/p>\n<p>Na manifesta\u00e7\u00e3o encaminhada a Barroso, contudo, Raquel Dodge alegou que as pris\u00f5es tempor\u00e1rias\u00a0\u201ccumpriram o objetivo legal\u201d e poderiam ser revogadas. Ao atender ao pedido, o ministro do Supremo determinou que fossem expedidos alvar\u00e1s de soltura \u201ccom urg\u00eancia\u201d. H\u00e1 presos pela Skala nas carceragens da Pol\u00edcia Federal de S\u00e3o Paulo e do Rio de Janeiro.<\/p>\n<p>Al\u00e9m de Yunes e Lima, apontados como supostos intermedi\u00e1rios de valores a Temer e campanhas pol\u00edticas, tamb\u00e9m deixaram a pris\u00e3o o empres\u00e1rio Ant\u00f4nio Celso Grecco, dono da Rodrimar, o ex-ministro da Agricultura Wagner Rossi, seu assessor Milton Ortolan e outras cinco pessoas.<\/p>\n<p>Ainda foram revogados por Barroso os mandados de pris\u00e3o contra os empres\u00e1rios do Grupo Libra Rodrigo Borges Torrealba, Ana Carolina Borges Torrealba e Gon\u00e7alo Borges Torrealba, que n\u00e3o foram cumpridos porque os alvos estavam no exterior. A procuradora-geral da Rep\u00fablica havia informado ao ministro, no entanto, que eles est\u00e3o \u201cdispostos a se apresentarem \u00e0 autoridade policial t\u00e3o logo retornem\u201d.<\/p>\n<p><strong>CARIRI EM A\u00c7\u00c3O<\/strong><\/p>\n<p><em>Com <span class=\"author-element\">Veja<\/span> \/Foto: Reprodu\u00e7\u00e3o Internet<\/em><\/p>\n<p><strong>Leia mais not\u00edcias em\u00a0<\/strong><a href=\"http:\/\/www.caririemacao.com\/\"><strong>caririemacao.com<\/strong><\/a><strong>, siga nossa p\u00e1gina no\u00a0<\/strong><a href=\"https:\/\/www.facebook.com\/CaririEmAcao\/?ref=aymt_homepage_panel\"><strong>Facebook<\/strong><\/a>,<strong>\u00a0<\/strong><a href=\"https:\/\/www.instagram.com\/cariri_em_acao\/?hl=pt-br\"><strong>Instagram<\/strong><\/a><strong>\u00a0e <\/strong><a href=\"https:\/\/www.youtube.com\/channel\/UCAptA0jQuYQy8vMhLt2m4qg\"><strong>Youtube<\/strong><\/a><strong>\u00a0e veja nossas mat\u00e9rias, v\u00eddeos e fotos. Voc\u00ea tamb\u00e9m pode enviar informa\u00e7\u00f5es \u00e0 Reda\u00e7\u00e3o do Portal Cariri em A\u00e7\u00e3o pelo WhatsApp (83) 9 9634.5791, (83) 9 9601-1162.<\/strong><\/p>\n","protected":false},"excerpt":{"rendered":"<p>Autor de duas den\u00fancias contra o presidente\u00a0Michel Temer\u00a0(MDB) em 2017, o ex-procurador-geral da Rep\u00fablica\u00a0Rodrigo Janot\u00a0criticou neste s\u00e1bado (31), em sua conta no Twitter, a manifesta\u00e7\u00e3o&hellip; <\/p>\n","protected":false},"author":2,"featured_media":16947,"comment_status":"closed","ping_status":"closed","sticky":false,"template":"","format":"standard","meta":{"sfsi_plus_gutenberg_text_before_share":"","sfsi_plus_gutenberg_show_text_before_share":"","sfsi_plus_gutenberg_icon_type":"","sfsi_plus_gutenberg_icon_alignemt":"","sfsi_plus_gutenburg_max_per_row":"","footnotes":""},"categories":[2],"tags":[],"class_list":["post-46190","post","type-post","status-publish","format-standard","has-post-thumbnail","hentry","category-geral"],"_links":{"self":[{"href":"https:\/\/www.caririemacao.com\/1\/wp-json\/wp\/v2\/posts\/46190","targetHints":{"allow":["GET"]}}],"collection":[{"href":"https:\/\/www.caririemacao.com\/1\/wp-json\/wp\/v2\/posts"}],"about":[{"href":"https:\/\/www.caririemacao.com\/1\/wp-json\/wp\/v2\/types\/post"}],"author":[{"embeddable":true,"href":"https:\/\/www.caririemacao.com\/1\/wp-json\/wp\/v2\/users\/2"}],"replies":[{"embeddable":true,"href":"https:\/\/www.caririemacao.com\/1\/wp-json\/wp\/v2\/comments?post=46190"}],"version-history":[{"count":0,"href":"https:\/\/www.caririemacao.com\/1\/wp-json\/wp\/v2\/posts\/46190\/revisions"}],"wp:featuredmedia":[{"embeddable":true,"href":"https:\/\/www.caririemacao.com\/1\/wp-json\/wp\/v2\/media\/16947"}],"wp:attachment":[{"href":"https:\/\/www.caririemacao.com\/1\/wp-json\/wp\/v2\/media?parent=46190"}],"wp:term":[{"taxonomy":"category","embeddable":true,"href":"https:\/\/www.caririemacao.com\/1\/wp-json\/wp\/v2\/categories?post=46190"},{"taxonomy":"post_tag","embeddable":true,"href":"https:\/\/www.caririemacao.com\/1\/wp-json\/wp\/v2\/tags?post=46190"}],"curies":[{"name":"wp","href":"https:\/\/api.w.org\/{rel}","templated":true}]}}