{"id":46196,"date":"2018-04-02T10:34:27","date_gmt":"2018-04-02T13:34:27","guid":{"rendered":"http:\/\/caririemacao.com\/1\/?p=46196"},"modified":"2018-04-02T10:34:27","modified_gmt":"2018-04-02T13:34:27","slug":"plenario-retoma-votacao-do-aumento-de-pena-para-crimes-de-pirataria","status":"publish","type":"post","link":"https:\/\/www.caririemacao.com\/1\/2018\/04\/02\/plenario-retoma-votacao-do-aumento-de-pena-para-crimes-de-pirataria\/","title":{"rendered":"Plen\u00e1rio retoma vota\u00e7\u00e3o do aumento de pena para crimes de pirataria"},"content":{"rendered":"<p>O Plen\u00e1rio da C\u00e2mara dos Deputados volta do feriado com vota\u00e7\u00f5es j\u00e1 na segunda-feira (2) para analisar propostas de seguran\u00e7a, economia e fam\u00edlia. O primeiro item previsto na pauta \u00e9 o que aumenta as penas para quem comete crimes relacionados \u00e0 falsifica\u00e7\u00e3o ou imita\u00e7\u00e3o de produtos. Atualmente, a puni\u00e7\u00e3o m\u00e1xima \u00e9 de 1 ano de pris\u00e3o, em regime aberto ou semiaberto. O projeto (PL 333\/99) passa para 4 anos de pris\u00e3o em regime fechado.<\/p>\n<p>Tamb\u00e9m est\u00e1 prevista a an\u00e1lise da proposta que obriga o governo a instalar bloqueadores de telefonia em pres\u00eddios (PLP 470\/18), usando o dinheiro do Fundo Penitenci\u00e1rio Nacional (Funpen). Os recursos do fundo s\u00e3o usados, entre outras finalidades, para construir e manter o funcionamento das unidades prisionais (Lei Complementar 79\/94).<\/p>\n<p>Sistema de Seguran\u00e7a<br \/>\nNa ter\u00e7a-feira (3), os deputados poder\u00e3o votar a cria\u00e7\u00e3o do Sistema \u00danico de Seguran\u00e7a P\u00fablica (PL\u00a03734\/12), cujo texto vem sendo negociado nas \u00faltimas semanas. De autoria do Poder Executivo, a proposta estabelece os princ\u00edpios e as diretrizes dos \u00f3rg\u00e3os de seguran\u00e7a e prev\u00ea a prote\u00e7\u00e3o aos direitos humanos e fundamentais; a promo\u00e7\u00e3o da cidadania e da dignidade do cidad\u00e3o; a resolu\u00e7\u00e3o pac\u00edfica de conflitos; o uso proporcional da for\u00e7a; a efici\u00eancia na preven\u00e7\u00e3o e repress\u00e3o das infra\u00e7\u00f5es penais; a efici\u00eancia nas a\u00e7\u00f5es de preven\u00e7\u00e3o e redu\u00e7\u00e3o de desastres; e a participa\u00e7\u00e3o comunit\u00e1ria.<\/p>\n<p>O l\u00edder do PPS, deputado Alex Manente (SP), acredita que j\u00e1 existe acordo suficiente para aprovar o projeto. \u201c\u00c9 necess\u00e1rio que o Brasil tenha esse sistema. N\u00e3o \u00e9 poss\u00edvel imaginarmos que a seguran\u00e7a vai evoluir se n\u00e3o tivermos entrosamento dos dados no nosso pa\u00eds.\u201d<\/p>\n<p>O l\u00edder da oposi\u00e7\u00e3o, deputado Jos\u00e9 Guimar\u00e3es (PT-CE) tamb\u00e9m acredita que \u00e9 poss\u00edvel a vota\u00e7\u00e3o do Susp nesta semana, desde que a proposta contemple algumas sugest\u00f5es da bancada. \u201c\u00c9 preciso ter o acordo, a partir do que colocamos como central, incorporar no projeto a ideia do SUS, sistema integrado nacionalmente\u201d, disse.<\/p>\n<p><strong>CARIRI EM A\u00c7\u00c3O<\/strong><\/p>\n<p><em>Com Ag\u00eancia C\u00e2mara\u00a0<\/em><em>\/Foto: Reprodu\u00e7\u00e3o Internet\u00a0<\/em><\/p>\n<p><strong>Leia mais not\u00edcias em\u00a0<\/strong><a href=\"http:\/\/www.caririemacao.com\/\"><strong>caririemacao.com<\/strong><\/a><strong>, siga nossa p\u00e1gina no\u00a0<\/strong><a href=\"https:\/\/www.facebook.com\/CaririEmAcao\/?ref=aymt_homepage_panel\"><strong>Facebook<\/strong><\/a>,<strong>\u00a0<\/strong><a href=\"https:\/\/www.instagram.com\/cariri_em_acao\/?hl=pt-br\"><strong>Instagram<\/strong><\/a><strong>\u00a0e <\/strong><a href=\"https:\/\/www.youtube.com\/channel\/UCAptA0jQuYQy8vMhLt2m4qg\"><strong>Youtube<\/strong><\/a><strong>\u00a0e veja nossas mat\u00e9rias, v\u00eddeos e fotos. Voc\u00ea tamb\u00e9m pode enviar informa\u00e7\u00f5es \u00e0 Reda\u00e7\u00e3o do Portal Cariri em A\u00e7\u00e3o pelo WhatsApp (83) 9 9634.5791, (83) 9 9601-1162.<\/strong><\/p>\n","protected":false},"excerpt":{"rendered":"<p>O Plen\u00e1rio da C\u00e2mara dos Deputados volta do feriado com vota\u00e7\u00f5es j\u00e1 na segunda-feira (2) para analisar propostas de seguran\u00e7a, economia e fam\u00edlia. O primeiro&hellip; <\/p>\n","protected":false},"author":2,"featured_media":35975,"comment_status":"closed","ping_status":"closed","sticky":false,"template":"","format":"standard","meta":{"sfsi_plus_gutenberg_text_before_share":"","sfsi_plus_gutenberg_show_text_before_share":"","sfsi_plus_gutenberg_icon_type":"","sfsi_plus_gutenberg_icon_alignemt":"","sfsi_plus_gutenburg_max_per_row":"","footnotes":""},"categories":[2],"tags":[],"class_list":["post-46196","post","type-post","status-publish","format-standard","has-post-thumbnail","hentry","category-geral"],"_links":{"self":[{"href":"https:\/\/www.caririemacao.com\/1\/wp-json\/wp\/v2\/posts\/46196","targetHints":{"allow":["GET"]}}],"collection":[{"href":"https:\/\/www.caririemacao.com\/1\/wp-json\/wp\/v2\/posts"}],"about":[{"href":"https:\/\/www.caririemacao.com\/1\/wp-json\/wp\/v2\/types\/post"}],"author":[{"embeddable":true,"href":"https:\/\/www.caririemacao.com\/1\/wp-json\/wp\/v2\/users\/2"}],"replies":[{"embeddable":true,"href":"https:\/\/www.caririemacao.com\/1\/wp-json\/wp\/v2\/comments?post=46196"}],"version-history":[{"count":0,"href":"https:\/\/www.caririemacao.com\/1\/wp-json\/wp\/v2\/posts\/46196\/revisions"}],"wp:featuredmedia":[{"embeddable":true,"href":"https:\/\/www.caririemacao.com\/1\/wp-json\/wp\/v2\/media\/35975"}],"wp:attachment":[{"href":"https:\/\/www.caririemacao.com\/1\/wp-json\/wp\/v2\/media?parent=46196"}],"wp:term":[{"taxonomy":"category","embeddable":true,"href":"https:\/\/www.caririemacao.com\/1\/wp-json\/wp\/v2\/categories?post=46196"},{"taxonomy":"post_tag","embeddable":true,"href":"https:\/\/www.caririemacao.com\/1\/wp-json\/wp\/v2\/tags?post=46196"}],"curies":[{"name":"wp","href":"https:\/\/api.w.org\/{rel}","templated":true}]}}