{"id":46222,"date":"2018-04-02T15:49:23","date_gmt":"2018-04-02T18:49:23","guid":{"rendered":"http:\/\/caririemacao.com\/1\/?p=46222"},"modified":"2018-04-02T15:49:23","modified_gmt":"2018-04-02T18:49:23","slug":"cras-da-prata-oferece-curso-de-biscuit-para-mulheres-beneficiarias-do-bolsa-familia","status":"publish","type":"post","link":"https:\/\/www.caririemacao.com\/1\/2018\/04\/02\/cras-da-prata-oferece-curso-de-biscuit-para-mulheres-beneficiarias-do-bolsa-familia\/","title":{"rendered":"CRAS da Prata oferece curso de biscuit para mulheres benefici\u00e1rias do Bolsa Fam\u00edlia"},"content":{"rendered":"<p>Por meio da Secretaria Municipal da Cidadania e Promo\u00e7\u00e3o Social, e com o apoio da Prefeitura Municipal de Prata, o CRAS capacita sua terceira turma de arte com biscuit, destinada \u00e0 mulheres do munic\u00edpio de Prata, tendo esse grupo no CRAS acompanhado pelo PAIF (Programa de Apoio Integral \u00e0s Fam\u00edlias).<\/p>\n<p>O curso tem como objetivo profissionalizar mulheres do munic\u00edpio. biscuit n\u00e3o \u00e9 s\u00f3 uma arte bonita, mas tamb\u00e9m um meio de ter uma renda sem sair de casa.<\/p>\n<p>A Professora Aparecida Sousa que conduz o curso, h\u00e1 muitos anos j\u00e1 exporta diversos produtos como por exemplo topos de bolo de casamento ou anivers\u00e1rio, al\u00e9m de seu trabalho ser reconhecido em v\u00e1rios lugares do pa\u00eds.<\/p>\n<p>\u201cJ\u00e1 temos \u00edndices positivos que mulheres de Prata que estiveram na primeira turma, j\u00e1 comercializam suas artes em biscuit e ganham seu pr\u00f3prio dinheiro com sua arte produzida\u201d, disse Guilherme Prata, coordenador do CRAS.<\/p>\n<p>O curso acontece \u00e0s segunda-Feiras, no per\u00edodo da tarde das 14:00 \u00e0s 17:00h, na sede do CRAS. \u201cN\u00f3s que fazemos \u00e0 Secretaria de Assist\u00eancia Social do Munic\u00edpio estamos muito felizes em perceber que o n\u00famero de mulheres nessa \u00faltima turma aumentou de forma consideravelmente relevante ao n\u00famero almejado\u201d, completou Guilherme.<\/p>\n<p><strong>CARIRI EM A\u00c7\u00c3O<\/strong><\/p>\n<p><em>Com Vitrine do Cariri<\/em><\/p>\n<p><strong>Leia mais not\u00edcias em\u00a0<\/strong><a href=\"http:\/\/www.caririemacao.com\/\"><strong>caririemacao.com<\/strong><\/a><strong>, siga nossa p\u00e1gina no\u00a0<\/strong><a href=\"https:\/\/www.facebook.com\/CaririEmAcao\/?ref=aymt_homepage_panel\"><strong>Facebook<\/strong><\/a>,<strong>\u00a0<\/strong><a href=\"https:\/\/www.instagram.com\/cariri_em_acao\/?hl=pt-br\"><strong>Instagram<\/strong><\/a><strong>\u00a0e\u00a0<\/strong><a href=\"https:\/\/www.youtube.com\/channel\/UCAptA0jQuYQy8vMhLt2m4qg\"><strong>Youtube<\/strong><\/a><strong>\u00a0e veja nossas mat\u00e9rias, v\u00eddeos e fotos. Voc\u00ea tamb\u00e9m pode enviar informa\u00e7\u00f5es \u00e0 Reda\u00e7\u00e3o do Portal Cariri em A\u00e7\u00e3o pelo WhatsApp (83) 9 9634.5791, (83) 9 9601-1162.<\/strong><\/p>\n","protected":false},"excerpt":{"rendered":"<p>Por meio da Secretaria Municipal da Cidadania e Promo\u00e7\u00e3o Social, e com o apoio da Prefeitura Municipal de Prata, o CRAS capacita sua terceira turma&hellip; <\/p>\n","protected":false},"author":2,"featured_media":27802,"comment_status":"closed","ping_status":"closed","sticky":false,"template":"","format":"standard","meta":{"sfsi_plus_gutenberg_text_before_share":"","sfsi_plus_gutenberg_show_text_before_share":"","sfsi_plus_gutenberg_icon_type":"","sfsi_plus_gutenberg_icon_alignemt":"","sfsi_plus_gutenburg_max_per_row":"","footnotes":""},"categories":[6],"tags":[],"class_list":["post-46222","post","type-post","status-publish","format-standard","has-post-thumbnail","hentry","category-cidades"],"_links":{"self":[{"href":"https:\/\/www.caririemacao.com\/1\/wp-json\/wp\/v2\/posts\/46222","targetHints":{"allow":["GET"]}}],"collection":[{"href":"https:\/\/www.caririemacao.com\/1\/wp-json\/wp\/v2\/posts"}],"about":[{"href":"https:\/\/www.caririemacao.com\/1\/wp-json\/wp\/v2\/types\/post"}],"author":[{"embeddable":true,"href":"https:\/\/www.caririemacao.com\/1\/wp-json\/wp\/v2\/users\/2"}],"replies":[{"embeddable":true,"href":"https:\/\/www.caririemacao.com\/1\/wp-json\/wp\/v2\/comments?post=46222"}],"version-history":[{"count":0,"href":"https:\/\/www.caririemacao.com\/1\/wp-json\/wp\/v2\/posts\/46222\/revisions"}],"wp:featuredmedia":[{"embeddable":true,"href":"https:\/\/www.caririemacao.com\/1\/wp-json\/wp\/v2\/media\/27802"}],"wp:attachment":[{"href":"https:\/\/www.caririemacao.com\/1\/wp-json\/wp\/v2\/media?parent=46222"}],"wp:term":[{"taxonomy":"category","embeddable":true,"href":"https:\/\/www.caririemacao.com\/1\/wp-json\/wp\/v2\/categories?post=46222"},{"taxonomy":"post_tag","embeddable":true,"href":"https:\/\/www.caririemacao.com\/1\/wp-json\/wp\/v2\/tags?post=46222"}],"curies":[{"name":"wp","href":"https:\/\/api.w.org\/{rel}","templated":true}]}}