{"id":46227,"date":"2018-04-02T20:00:35","date_gmt":"2018-04-02T23:00:35","guid":{"rendered":"http:\/\/caririemacao.com\/1\/?p=46227"},"modified":"2018-04-02T20:00:35","modified_gmt":"2018-04-02T23:00:35","slug":"edivan-toma-posse-como-vereador-de-parari","status":"publish","type":"post","link":"https:\/\/www.caririemacao.com\/1\/2018\/04\/02\/edivan-toma-posse-como-vereador-de-parari\/","title":{"rendered":"Edivan toma posse como vereador de Parari"},"content":{"rendered":"<p>A C\u00e2mara Municipal de Parari deu posse na noite desta segunda-feira (02\/04) ao suplente de vereador Edivan Saraiva (PTB).<\/p>\n<p><a href=\"http:\/\/caririemacao.com\/1\/?attachment_id=46228\" rel=\"attachment wp-att-46228\"><img fetchpriority=\"high\" decoding=\"async\" class=\"aligncenter size-full wp-image-46228\" src=\"http:\/\/caririemacao.com\/1\/wp-content\/uploads\/2018\/04\/29920506_1509820825808011_87494054_n.jpg\" alt=\"\" width=\"903\" height=\"678\" srcset=\"https:\/\/www.caririemacao.com\/1\/wp-content\/uploads\/2018\/04\/29920506_1509820825808011_87494054_n.jpg 903w, https:\/\/www.caririemacao.com\/1\/wp-content\/uploads\/2018\/04\/29920506_1509820825808011_87494054_n-300x225.jpg 300w, https:\/\/www.caririemacao.com\/1\/wp-content\/uploads\/2018\/04\/29920506_1509820825808011_87494054_n-768x577.jpg 768w\" sizes=\"(max-width: 903px) 100vw, 903px\" \/><\/a><\/p>\n<p>Nas elei\u00e7\u00f5es de 2016, Edivan obteve 83 votos, ocupando assim, a condi\u00e7\u00e3o de segundo suplente. Ele assumiu um lugar no parlamento parariense ap\u00f3s pedido de licen\u00e7a do Titular F\u00e1bio J\u00fanior Cavalcante, que assumir\u00e1 a Chefia de Gabinete do munic\u00edpio.<\/p>\n<p>O novo vereador foi empossado em sess\u00e3o ordin\u00e1ria com a presen\u00e7a dos nove vereadores.<\/p>\n<p><strong>CARIRI EM A\u00c7\u00c3O<\/strong><\/p>\n<p><strong>Leia mais not\u00edcias em\u00a0<\/strong><a style=\"font-style: inherit; font-weight: inherit;\" href=\"http:\/\/www.caririemacao.com\/\"><strong style=\"font-style: inherit;\">caririemacao.com<\/strong><\/a><strong style=\"font-style: inherit;\">, siga nossa p\u00e1gina no\u00a0<\/strong><a style=\"font-style: inherit; font-weight: inherit;\" href=\"https:\/\/www.facebook.com\/CaririEmAcao\/?ref=aymt_homepage_panel\"><strong style=\"font-style: inherit;\">Facebook<\/strong><\/a>,<strong style=\"font-style: inherit;\">\u00a0<\/strong><a style=\"font-style: inherit; font-weight: inherit;\" href=\"https:\/\/www.instagram.com\/cariri_em_acao\/?hl=pt-br\"><strong style=\"font-style: inherit;\">Instagram<\/strong><\/a><strong style=\"font-style: inherit;\">\u00a0e\u00a0<\/strong><a style=\"font-style: inherit; font-weight: inherit;\" href=\"https:\/\/www.youtube.com\/channel\/UCAptA0jQuYQy8vMhLt2m4qg\"><strong style=\"font-style: inherit;\">Youtube<\/strong><\/a><strong style=\"font-style: inherit;\">\u00a0e veja nossas mat\u00e9rias, v\u00eddeos e fotos. Voc\u00ea tamb\u00e9m pode enviar informa\u00e7\u00f5es \u00e0 Reda\u00e7\u00e3o do Portal Cariri em A\u00e7\u00e3o pelo WhatsApp (83) 9 9634.5791, (83) 9 9601-1162.<\/strong><\/p>\n","protected":false},"excerpt":{"rendered":"<p>A C\u00e2mara Municipal de Parari deu posse na noite desta segunda-feira (02\/04) ao suplente de vereador Edivan Saraiva (PTB). Nas elei\u00e7\u00f5es de 2016, Edivan obteve&hellip; <\/p>\n","protected":false},"author":2,"featured_media":46230,"comment_status":"closed","ping_status":"closed","sticky":false,"template":"","format":"standard","meta":{"sfsi_plus_gutenberg_text_before_share":"","sfsi_plus_gutenberg_show_text_before_share":"","sfsi_plus_gutenberg_icon_type":"","sfsi_plus_gutenberg_icon_alignemt":"","sfsi_plus_gutenburg_max_per_row":"","footnotes":""},"categories":[11],"tags":[],"class_list":["post-46227","post","type-post","status-publish","format-standard","has-post-thumbnail","hentry","category-politica"],"_links":{"self":[{"href":"https:\/\/www.caririemacao.com\/1\/wp-json\/wp\/v2\/posts\/46227","targetHints":{"allow":["GET"]}}],"collection":[{"href":"https:\/\/www.caririemacao.com\/1\/wp-json\/wp\/v2\/posts"}],"about":[{"href":"https:\/\/www.caririemacao.com\/1\/wp-json\/wp\/v2\/types\/post"}],"author":[{"embeddable":true,"href":"https:\/\/www.caririemacao.com\/1\/wp-json\/wp\/v2\/users\/2"}],"replies":[{"embeddable":true,"href":"https:\/\/www.caririemacao.com\/1\/wp-json\/wp\/v2\/comments?post=46227"}],"version-history":[{"count":0,"href":"https:\/\/www.caririemacao.com\/1\/wp-json\/wp\/v2\/posts\/46227\/revisions"}],"wp:featuredmedia":[{"embeddable":true,"href":"https:\/\/www.caririemacao.com\/1\/wp-json\/wp\/v2\/media\/46230"}],"wp:attachment":[{"href":"https:\/\/www.caririemacao.com\/1\/wp-json\/wp\/v2\/media?parent=46227"}],"wp:term":[{"taxonomy":"category","embeddable":true,"href":"https:\/\/www.caririemacao.com\/1\/wp-json\/wp\/v2\/categories?post=46227"},{"taxonomy":"post_tag","embeddable":true,"href":"https:\/\/www.caririemacao.com\/1\/wp-json\/wp\/v2\/tags?post=46227"}],"curies":[{"name":"wp","href":"https:\/\/api.w.org\/{rel}","templated":true}]}}