{"id":46234,"date":"2018-04-03T06:46:20","date_gmt":"2018-04-03T09:46:20","guid":{"rendered":"http:\/\/caririemacao.com\/1\/?p=46234"},"modified":"2018-04-03T06:46:20","modified_gmt":"2018-04-03T09:46:20","slug":"prefeito-adriano-wolff-entrega-uniformes-para-os-funcionarios-da-casa-da-cidadania","status":"publish","type":"post","link":"https:\/\/www.caririemacao.com\/1\/2018\/04\/03\/prefeito-adriano-wolff-entrega-uniformes-para-os-funcionarios-da-casa-da-cidadania\/","title":{"rendered":"Prefeito Adriano Wolff entrega uniformes para os funcion\u00e1rios da Casa da Cidadania"},"content":{"rendered":"<p>A Prefeitura de S\u00e3o Sebasti\u00e3o do Umbuzeiro realizou na manh\u00e3 da segunda-feira (02), a entrega dos novos uniformes para os funcion\u00e1rios da Casa da Cidadania Yvette Lafayette, que \u00e9 uma parceria com o Governo do Estado.<\/p>\n<p>O Prefeito Adriano Wolff e a Secret\u00e1ria Municipal de A\u00e7\u00e3o Social e Desenvolvimento Humano, Joaquina, reuniram os funcion\u00e1rios e entregaram o novo uniforme.<\/p>\n<p>\u201cA identifica\u00e7\u00e3o dos funcion\u00e1rios \u00e9 importante para a popula\u00e7\u00e3o saber quem s\u00e3o, o uniforme melhora a comunica\u00e7\u00e3o interna e externa com toda a popula\u00e7\u00e3o,\u00a0 isso vai ajudar bastante, os funcion\u00e1rios merecem\u201d. Disse o prefeito.<\/p>\n<p><strong>CARIRI EM A\u00c7\u00c3O<\/strong><\/p>\n<p><em>Com Blog do Didi\/Foto:\u00a0Blog do Didi<\/em><\/p>\n<p><strong>Leia mais not\u00edcias em\u00a0<\/strong><a href=\"http:\/\/www.caririemacao.com\/\"><strong>caririemacao.com<\/strong><\/a><strong>, siga nossa p\u00e1gina no\u00a0<\/strong><a href=\"https:\/\/www.facebook.com\/CaririEmAcao\/?ref=aymt_homepage_panel\"><strong>Facebook<\/strong><\/a>,<strong>\u00a0<\/strong><a href=\"https:\/\/www.instagram.com\/cariri_em_acao\/?hl=pt-br\"><strong>Instagram<\/strong><\/a><strong>\u00a0e\u00a0<\/strong><a href=\"https:\/\/www.youtube.com\/channel\/UCAptA0jQuYQy8vMhLt2m4qg\"><strong>Youtube<\/strong><\/a><strong>\u00a0e veja nossas mat\u00e9rias, v\u00eddeos e fotos. Voc\u00ea tamb\u00e9m pode enviar informa\u00e7\u00f5es \u00e0 Reda\u00e7\u00e3o do Portal Cariri em A\u00e7\u00e3o pelo WhatsApp (83) 9 9634.5791, (83) 9 9601-1162.<\/strong><\/p>\n","protected":false},"excerpt":{"rendered":"<p>A Prefeitura de S\u00e3o Sebasti\u00e3o do Umbuzeiro realizou na manh\u00e3 da segunda-feira (02), a entrega dos novos uniformes para os funcion\u00e1rios da Casa da Cidadania&hellip; <\/p>\n","protected":false},"author":2,"featured_media":46235,"comment_status":"closed","ping_status":"closed","sticky":false,"template":"","format":"standard","meta":{"sfsi_plus_gutenberg_text_before_share":"","sfsi_plus_gutenberg_show_text_before_share":"","sfsi_plus_gutenberg_icon_type":"","sfsi_plus_gutenberg_icon_alignemt":"","sfsi_plus_gutenburg_max_per_row":"","footnotes":""},"categories":[6],"tags":[],"class_list":["post-46234","post","type-post","status-publish","format-standard","has-post-thumbnail","hentry","category-cidades"],"_links":{"self":[{"href":"https:\/\/www.caririemacao.com\/1\/wp-json\/wp\/v2\/posts\/46234","targetHints":{"allow":["GET"]}}],"collection":[{"href":"https:\/\/www.caririemacao.com\/1\/wp-json\/wp\/v2\/posts"}],"about":[{"href":"https:\/\/www.caririemacao.com\/1\/wp-json\/wp\/v2\/types\/post"}],"author":[{"embeddable":true,"href":"https:\/\/www.caririemacao.com\/1\/wp-json\/wp\/v2\/users\/2"}],"replies":[{"embeddable":true,"href":"https:\/\/www.caririemacao.com\/1\/wp-json\/wp\/v2\/comments?post=46234"}],"version-history":[{"count":0,"href":"https:\/\/www.caririemacao.com\/1\/wp-json\/wp\/v2\/posts\/46234\/revisions"}],"wp:featuredmedia":[{"embeddable":true,"href":"https:\/\/www.caririemacao.com\/1\/wp-json\/wp\/v2\/media\/46235"}],"wp:attachment":[{"href":"https:\/\/www.caririemacao.com\/1\/wp-json\/wp\/v2\/media?parent=46234"}],"wp:term":[{"taxonomy":"category","embeddable":true,"href":"https:\/\/www.caririemacao.com\/1\/wp-json\/wp\/v2\/categories?post=46234"},{"taxonomy":"post_tag","embeddable":true,"href":"https:\/\/www.caririemacao.com\/1\/wp-json\/wp\/v2\/tags?post=46234"}],"curies":[{"name":"wp","href":"https:\/\/api.w.org\/{rel}","templated":true}]}}