{"id":46238,"date":"2018-04-03T06:53:25","date_gmt":"2018-04-03T09:53:25","guid":{"rendered":"http:\/\/caririemacao.com\/1\/?p=46238"},"modified":"2018-04-03T06:57:59","modified_gmt":"2018-04-03T09:57:59","slug":"emendas-garantirao-a-compra-de-equipamentos-e-veiculo-para-a-saude","status":"publish","type":"post","link":"https:\/\/www.caririemacao.com\/1\/2018\/04\/03\/emendas-garantirao-a-compra-de-equipamentos-e-veiculo-para-a-saude\/","title":{"rendered":"Emendas garantir\u00e3o a compra de equipamentos e ve\u00edculo para a sa\u00fade de Santo Andr\u00e9"},"content":{"rendered":"<p>O munic\u00edpio de Santo Andr\u00e9, atrav\u00e9s de emenda do Senador Jos\u00e9 Maranh\u00e3o e do Deputado Estadual, Adriano Galdino, em breve ter\u00e1 recursos na ordem de R$: 155.00,00 em caixa, para efetuar a compra de equipamentos para estrutura\u00e7\u00e3o das Unidades B\u00e1sicas, como tamb\u00e9m para a compra de um ve\u00edculo ambos para a \u00e1rea da sa\u00fade.<\/p>\n<p>O processo encontra-se em fase de homologa\u00e7\u00e3o e logo em seguida ser\u00e1 aberto o edital de licita\u00e7\u00e3o, para que de fato haja a compra dos mesmos.<\/p>\n<p>Com isso, cada vez mais os servi\u00e7os ofertados para a popula\u00e7\u00e3o poder\u00e3o ser ampliados, garatindo para quem precisa o melhor atendimento.<\/p>\n<p><strong>CARIRI EM A\u00c7\u00c3O<\/strong><\/p>\n<p><em>Com Secom\/Foto: Reprodu\u00e7\u00e3o Internet<\/em><\/p>\n<p><strong>Leia mais not\u00edcias em\u00a0<\/strong><a href=\"http:\/\/www.caririemacao.com\/\"><strong>caririemacao.com<\/strong><\/a><strong>, siga nossa p\u00e1gina no\u00a0<\/strong><a href=\"https:\/\/www.facebook.com\/CaririEmAcao\/?ref=aymt_homepage_panel\"><strong>Facebook<\/strong><\/a>,<strong>\u00a0<\/strong><a href=\"https:\/\/www.instagram.com\/cariri_em_acao\/?hl=pt-br\"><strong>Instagram<\/strong><\/a><strong>\u00a0e\u00a0<\/strong><a href=\"https:\/\/www.youtube.com\/channel\/UCAptA0jQuYQy8vMhLt2m4qg\"><strong>Youtube<\/strong><\/a><strong>\u00a0e veja nossas mat\u00e9rias, v\u00eddeos e fotos. Voc\u00ea tamb\u00e9m pode enviar informa\u00e7\u00f5es \u00e0 Reda\u00e7\u00e3o do Portal Cariri em A\u00e7\u00e3o pelo WhatsApp (83) 9 9634.5791, (83) 9 9601-1162.<\/strong><\/p>\n","protected":false},"excerpt":{"rendered":"<p>O munic\u00edpio de Santo Andr\u00e9, atrav\u00e9s de emenda do Senador Jos\u00e9 Maranh\u00e3o e do Deputado Estadual, Adriano Galdino, em breve ter\u00e1 recursos na ordem de&hellip; <\/p>\n","protected":false},"author":2,"featured_media":46239,"comment_status":"closed","ping_status":"closed","sticky":false,"template":"","format":"standard","meta":{"sfsi_plus_gutenberg_text_before_share":"","sfsi_plus_gutenberg_show_text_before_share":"","sfsi_plus_gutenberg_icon_type":"","sfsi_plus_gutenberg_icon_alignemt":"","sfsi_plus_gutenburg_max_per_row":"","footnotes":""},"categories":[6],"tags":[],"class_list":["post-46238","post","type-post","status-publish","format-standard","has-post-thumbnail","hentry","category-cidades"],"_links":{"self":[{"href":"https:\/\/www.caririemacao.com\/1\/wp-json\/wp\/v2\/posts\/46238","targetHints":{"allow":["GET"]}}],"collection":[{"href":"https:\/\/www.caririemacao.com\/1\/wp-json\/wp\/v2\/posts"}],"about":[{"href":"https:\/\/www.caririemacao.com\/1\/wp-json\/wp\/v2\/types\/post"}],"author":[{"embeddable":true,"href":"https:\/\/www.caririemacao.com\/1\/wp-json\/wp\/v2\/users\/2"}],"replies":[{"embeddable":true,"href":"https:\/\/www.caririemacao.com\/1\/wp-json\/wp\/v2\/comments?post=46238"}],"version-history":[{"count":0,"href":"https:\/\/www.caririemacao.com\/1\/wp-json\/wp\/v2\/posts\/46238\/revisions"}],"wp:featuredmedia":[{"embeddable":true,"href":"https:\/\/www.caririemacao.com\/1\/wp-json\/wp\/v2\/media\/46239"}],"wp:attachment":[{"href":"https:\/\/www.caririemacao.com\/1\/wp-json\/wp\/v2\/media?parent=46238"}],"wp:term":[{"taxonomy":"category","embeddable":true,"href":"https:\/\/www.caririemacao.com\/1\/wp-json\/wp\/v2\/categories?post=46238"},{"taxonomy":"post_tag","embeddable":true,"href":"https:\/\/www.caririemacao.com\/1\/wp-json\/wp\/v2\/tags?post=46238"}],"curies":[{"name":"wp","href":"https:\/\/api.w.org\/{rel}","templated":true}]}}