{"id":46253,"date":"2018-04-03T06:00:47","date_gmt":"2018-04-03T09:00:47","guid":{"rendered":"http:\/\/caririemacao.com\/1\/?p=46253"},"modified":"2018-04-03T09:37:05","modified_gmt":"2018-04-03T12:37:05","slug":"obras-nos-acudes-de-pocoes-e-camalau-sao-retomadas-na-paraiba","status":"publish","type":"post","link":"https:\/\/www.caririemacao.com\/1\/2018\/04\/03\/obras-nos-acudes-de-pocoes-e-camalau-sao-retomadas-na-paraiba\/","title":{"rendered":"Obras nos a\u00e7udes de Po\u00e7\u00f5es e Camala\u00fa s\u00e3o retomadas, na Para\u00edba"},"content":{"rendered":"<div class=\"mc-column content-text active-extra-styles active-capital-letter\" data-block-type=\"unstyled\" data-block-weight=\"80\" data-block-id=\"2\">\n<p class=\"content-text__container theme-color-primary-first-letter\" data-track-category=\"Link no Texto\" data-track-links=\"\">As obras de recupera\u00e7\u00e3o nos a\u00e7udes de Po\u00e7\u00f5es e Camala\u00fa foram retomadas nesta segunda-feira (2), de modo que o a\u00e7ude de Epit\u00e1cio Pessoa (Boqueir\u00e3o), no Cariri paraibano, deixou de receber as \u00e1guas da transposi\u00e7\u00e3o do Rio S\u00e3o Francisco de forma tempor\u00e1ria. A informa\u00e7\u00e3o foi confirmada pelo Departamento Nacional de Obras Contra as Secas (Dnocs) e a medida atende a uma\u00a0recomenda\u00e7\u00e3o do Minist\u00e9rio P\u00fablico Federal (MPF), na Para\u00edba. A previs\u00e3o \u00e9 de que as obras sejam conclu\u00eddas em quatro meses.<\/p>\n<\/div>\n<div class=\"mc-column content-text active-extra-styles \" data-block-type=\"unstyled\" data-block-weight=\"50\" data-block-id=\"3\">\n<p class=\"content-text__container \" data-track-category=\"Link no Texto\" data-track-links=\"\">De acordo com o coordenador do Dnocs na Para\u00edba, Alberto Gomes, a redu\u00e7\u00e3o da vaz\u00e3o das \u00e1guas do S\u00e3o Francisco vinha sendo feita de forma gradual h\u00e1 pouco mais de uma semana e a retomada das obras \u00e9 necess\u00e1ria para que os a\u00e7udes possam armazenar \u00e1gua das chuvas com seguran\u00e7a.<\/p>\n<\/div>\n<div class=\"mc-column content-text active-extra-styles \" data-block-type=\"unstyled\" data-block-weight=\"41\" data-block-id=\"4\">\n<p class=\"content-text__container \" data-track-category=\"Link no Texto\" data-track-links=\"\">Isso porque no per\u00edodo em que os munic\u00edpios abastecidos pelo a\u00e7ude Epit\u00e1cio Pessoa estavam na imin\u00eancia do colapso total de \u00e1gua, o Dnocs encontrou como solu\u00e7\u00e3o imediata a execu\u00e7\u00e3o de um canal escavado atrav\u00e9s dos vertedouros das barragens Po\u00e7\u00f5es e Camala\u00fa.<\/p>\n<\/div>\n<div class=\"mc-column content-text active-extra-styles \" data-block-type=\"unstyled\" data-block-weight=\"40\" data-block-id=\"5\">\n<p class=\"content-text__container \" data-track-category=\"Link no Texto\" data-track-links=\"\">Atrav\u00e9s da constru\u00e7\u00e3o desse canal, foi poss\u00edvel permitir a passagem das \u00e1guas do Rio S\u00e3o Francisco para Boqueir\u00e3o em car\u00e1ter provis\u00f3rio e emergencial, de modo que agora \u00e9 necess\u00e1rio fechar esse canal que foi aberto, segundo o coordenador do Dnocs.<\/p>\n<\/div>\n<div class=\"mc-column content-text active-extra-styles \" data-block-type=\"unstyled\" data-block-weight=\"41\" data-block-id=\"6\">\n<p class=\"content-text__container \" data-track-category=\"Link no Texto\" data-track-links=\"\">O MPF em Monteiro avaliou que toda \u00e1gua advinda das chuvas at\u00e9 ent\u00e3o escoou pelos \u2018rasgos\u2019 dos dois a\u00e7udes, se dirigindo para Boqueir\u00e3o. Mantida essa situa\u00e7\u00e3o, haveria preju\u00edzos \u00e0s popula\u00e7\u00f5es de cidades como Monteiro, Sum\u00e9, Congo e S\u00e3o Jo\u00e3o do Cariri.<\/p>\n<\/div>\n<div class=\"mc-column content-text active-extra-styles \" data-block-type=\"unstyled\" data-block-weight=\"74\" data-block-id=\"7\">\n<p class=\"content-text__container \" data-track-category=\"Link no Texto\" data-track-links=\"\">Atualmente, o a\u00e7ude de Boqueir\u00e3o est\u00e1 com 17,15% (70.596.140mm\u00b3) da sua capacidade total, de acordo com os dados da Ag\u00eancia executiva de Gest\u00e3o das \u00e1guas da Para\u00edba (Aesa). Com esse n\u00edvel, o\u00a0Minist\u00e9rio da Integra\u00e7\u00e3o garante que o reservat\u00f3rio j\u00e1 atingiu a seguran\u00e7a h\u00eddricae que a suspens\u00e3o tempor\u00e1ria do bombeamento das \u00e1guas da transposi\u00e7\u00e3o n\u00e3o vai prejudicar o fornecimento de \u00e1gua para Campina Grande nem para os outros 18 munic\u00edpios abastecidos pelo a\u00e7ude.<\/p>\n<p class=\"content-text__container \" data-track-category=\"Link no Texto\" data-track-links=\"\"><span style=\"font-family: inherit; font-size: inherit; font-style: inherit; font-variant-ligatures: inherit; font-variant-caps: inherit; font-weight: inherit; text-align: center;\">O per\u00edodo de execu\u00e7\u00e3o das interven\u00e7\u00f5es em Camala\u00fa e Po\u00e7\u00f5es \u00e9 menor que o prazo de abastecimento garantido pelo volume de \u00e1gua atual do a\u00e7ude Boqueir\u00e3o, estimado em dez meses, segundo o Minist\u00e9rio da Integra\u00e7\u00e3o.<\/span><\/p>\n<p><strong>CARIRI EM A\u00c7\u00c3O<\/strong><\/p>\n<p><em>Com G1\/Foto: G1<\/em><\/p>\n<p><strong>Leia mais not\u00edcias em\u00a0<\/strong><a href=\"http:\/\/www.caririemacao.com\/\"><strong>caririemacao.com<\/strong><\/a><strong>, siga nossa p\u00e1gina no\u00a0<\/strong><a href=\"https:\/\/www.facebook.com\/CaririEmAcao\/?ref=aymt_homepage_panel\"><strong>Facebook<\/strong><\/a>,<strong>\u00a0<\/strong><a href=\"https:\/\/www.instagram.com\/cariri_em_acao\/?hl=pt-br\"><strong>Instagram<\/strong><\/a><strong>\u00a0e\u00a0<\/strong><a href=\"https:\/\/www.youtube.com\/channel\/UCAptA0jQuYQy8vMhLt2m4qg\"><strong>Youtube<\/strong><\/a><strong>\u00a0e veja nossas mat\u00e9rias, v\u00eddeos e fotos. Voc\u00ea tamb\u00e9m pode enviar informa\u00e7\u00f5es \u00e0 Reda\u00e7\u00e3o do Portal Cariri em A\u00e7\u00e3o pelo WhatsApp (83) 9 9634.5791, (83) 9 9601-1162.<\/strong><\/p>\n<\/div>\n","protected":false},"excerpt":{"rendered":"<p>As obras de recupera\u00e7\u00e3o nos a\u00e7udes de Po\u00e7\u00f5es e Camala\u00fa foram retomadas nesta segunda-feira (2), de modo que o a\u00e7ude de Epit\u00e1cio Pessoa (Boqueir\u00e3o), no&hellip; <\/p>\n","protected":false},"author":2,"featured_media":46254,"comment_status":"closed","ping_status":"closed","sticky":false,"template":"","format":"standard","meta":{"sfsi_plus_gutenberg_text_before_share":"","sfsi_plus_gutenberg_show_text_before_share":"","sfsi_plus_gutenberg_icon_type":"","sfsi_plus_gutenberg_icon_alignemt":"","sfsi_plus_gutenburg_max_per_row":"","footnotes":""},"categories":[6],"tags":[],"class_list":["post-46253","post","type-post","status-publish","format-standard","has-post-thumbnail","hentry","category-cidades"],"_links":{"self":[{"href":"https:\/\/www.caririemacao.com\/1\/wp-json\/wp\/v2\/posts\/46253","targetHints":{"allow":["GET"]}}],"collection":[{"href":"https:\/\/www.caririemacao.com\/1\/wp-json\/wp\/v2\/posts"}],"about":[{"href":"https:\/\/www.caririemacao.com\/1\/wp-json\/wp\/v2\/types\/post"}],"author":[{"embeddable":true,"href":"https:\/\/www.caririemacao.com\/1\/wp-json\/wp\/v2\/users\/2"}],"replies":[{"embeddable":true,"href":"https:\/\/www.caririemacao.com\/1\/wp-json\/wp\/v2\/comments?post=46253"}],"version-history":[{"count":0,"href":"https:\/\/www.caririemacao.com\/1\/wp-json\/wp\/v2\/posts\/46253\/revisions"}],"wp:featuredmedia":[{"embeddable":true,"href":"https:\/\/www.caririemacao.com\/1\/wp-json\/wp\/v2\/media\/46254"}],"wp:attachment":[{"href":"https:\/\/www.caririemacao.com\/1\/wp-json\/wp\/v2\/media?parent=46253"}],"wp:term":[{"taxonomy":"category","embeddable":true,"href":"https:\/\/www.caririemacao.com\/1\/wp-json\/wp\/v2\/categories?post=46253"},{"taxonomy":"post_tag","embeddable":true,"href":"https:\/\/www.caririemacao.com\/1\/wp-json\/wp\/v2\/tags?post=46253"}],"curies":[{"name":"wp","href":"https:\/\/api.w.org\/{rel}","templated":true}]}}