{"id":46279,"date":"2018-04-03T09:08:20","date_gmt":"2018-04-03T12:08:20","guid":{"rendered":"http:\/\/caririemacao.com\/1\/?p=46279"},"modified":"2018-04-03T09:08:20","modified_gmt":"2018-04-03T12:08:20","slug":"medicamentos-tiveram-aumento-de-ate-284","status":"publish","type":"post","link":"https:\/\/www.caririemacao.com\/1\/2018\/04\/03\/medicamentos-tiveram-aumento-de-ate-284\/","title":{"rendered":"Medicamentos tiveram aumento de at\u00e9 2,84%"},"content":{"rendered":"<p><span class=\"news_capital_letter\">A\u00a0<\/span>alta dos medicamentos ficou realmente em 2,43% em m\u00e9dia, ao fim deste m\u00eas desde o in\u00edcio de abril. Conforme informa\u00e7\u00e3o da C\u00e2mara de Regula\u00e7\u00e3o do Mercado de Medicamentos (CMED), o reajusta a ser aplicado dever\u00e1 ficar entre 2,09% a 2,84%.<\/p>\n<p>O aumento neste ano ficou, assim, abaixo da infla\u00e7\u00e3o oficial de 2017, que teve o \u00edndice de 2,95%.<\/p>\n<p>\u00c9 importante entender que o aumento n\u00e3o se d\u00e1 por um \u00edndice fixo, mas variando por produto. Sendo que a taxa dos produtos com maior concorr\u00eancia tem um \u00edndice menor de reajuste, e, para os mais inovadores o aumento \u00e9 maior.<\/p>\n<p>&#8220;Esse aumento abaixo da infla\u00e7\u00e3o j\u00e1 era esperado, e passar\u00e1 a ser sentido nos pr\u00f3ximos dias pelos consumidores. A dica que dou \u00e9 que se pesquise pre\u00e7os, pois mesmo os pre\u00e7os tendo um teto fixado, podem ser obtidos bons descontos&#8221;, explica Edison Tamascia, presidente da Febrafar. Mas qual o impacto dos pre\u00e7os para os consumidores na hora de comprar esses produtos? Realmente , como comprova pesquisa do IFEPEC.<\/p>\n<p>Import\u00e2ncia do pre\u00e7o para o consumidor<\/p>\n<p>O fato do consumidor priorizar o pre\u00e7o na hora de adquirir medicamentos foi comprovado por meio da pesquisa An\u00e1lise do perfil de compra dos consumidores de medicamentos, realizada pelo Instituto Febrafar de Pesquisa e Educa\u00e7\u00e3o Continuada (IFEPEC). Segundo os resultados, 45% dos consumidores trocam os produtos que procuravam por gen\u00e9ricos ou similares de menor pre\u00e7o; a quase totalidade desses clientes buscava economia.<\/p>\n<p>A pesquisa teve como objetivo apurar as caracter\u00edsticas de compras de medicamentos dos brasileiros, o tipo de medicamento adquirido, o percentual de consumidores que portavam receitu\u00e1rio e o \u00edndice de troca de medicamento, bem como os motivos que levaram a essa troca.<\/p>\n<p>Segundo a pesquisa, dos entrevistados que foram \u00e0s farm\u00e1cias, 72% adquiriram os medicamentos, contudo, apenas 24% compraram exatamente o que foram comprar, 31% modificaram parte da compra e 45% trocaram os medicamentos por vontade pr\u00f3pria ou por indica\u00e7\u00e3o dos farmac\u00eauticos.<\/p>\n<p>\u201cEsse fato demonstra a exist\u00eancia de uma caracter\u00edstica muito comum dos brasileiros, que \u00e9 n\u00e3o ser fiel \u00e0 marca que foi procurar em uma farm\u00e1cia, ouvindo a indica\u00e7\u00e3o dos farmac\u00eauticos. O principal fator de troca \u00e9 o pre\u00e7o, demonstrando que as pessoas est\u00e3o mais preocupadas com o bolso\u201d, explica Edison Tamascia.<\/p>\n<p>Tal afirma\u00e7\u00e3o se baseia no fato de que a pesquisa constatou que 97% dos entrevistados que trocaram de medicamentos compraram uma op\u00e7\u00e3o de menor pre\u00e7o.<\/p>\n<p><span class=\"news_bold\">For\u00e7a dos gen\u00e9ricos<\/span><\/p>\n<p>A pesquisa tamb\u00e9m demonstrou a for\u00e7a que os medicamentos gen\u00e9ricos est\u00e3o obtendo no mercado, sendo que 37% dos consumidores adquiriram medicamentos dessa modalidade, 32% compraram os de marcas e 31% compraram dos ambos os tipos.<\/p>\n<p>\u201cOs gen\u00e9ricos j\u00e1 venceram uma desconfian\u00e7a inicial e natural que enfrentaram no mercado e, hoje, j\u00e1 fazem parte das op\u00e7\u00f5es de escolhas dos consumidores. Eles possuem um grande potencial competitivo por causa da economia que proporcionam e, como visto, os pre\u00e7os s\u00e3o fundamentais na escolha\u201d, analisa Tamascia.<\/p>\n<p>A pesquisa foi realizada com 4 mil consumidores de todo o Brasil, no momento em que sa\u00edam das farm\u00e1cias nas quais efetuaram a compra.<\/p>\n<p><strong>CARIRI EM A\u00c7\u00c3O<\/strong><\/p>\n<p><em>Com Noticia ao Minuto<\/em><em>\/Foto: Reprodu\u00e7\u00e3o Internet<\/em><\/p>\n<p><strong>Leia mais not\u00edcias em\u00a0<a href=\"http:\/\/www.caririemacao.com\/\">caririemacao.com<\/a>, siga nossa p\u00e1gina no\u00a0<a href=\"https:\/\/www.facebook.com\/CaririEmAcao\/?ref=aymt_homepage_panel\">Facebook<\/a>,\u00a0<a href=\"https:\/\/www.instagram.com\/cariri_em_acao\/?hl=pt-br\">Instagram<\/a>\u00a0e\u00a0<a href=\"https:\/\/www.youtube.com\/channel\/UCAptA0jQuYQy8vMhLt2m4qg\">Youtube<\/a>\u00a0e veja nossas mat\u00e9rias, v\u00eddeos e fotos. Voc\u00ea tamb\u00e9m pode enviar informa\u00e7\u00f5es \u00e0 Reda\u00e7\u00e3o do Portal Cariri em A\u00e7\u00e3o pelo WhatsApp (83) 9 9634.5791, (83) 9 9601-1162.<\/strong><\/p>\n","protected":false},"excerpt":{"rendered":"<p>A\u00a0alta dos medicamentos ficou realmente em 2,43% em m\u00e9dia, ao fim deste m\u00eas desde o in\u00edcio de abril. Conforme informa\u00e7\u00e3o da C\u00e2mara de Regula\u00e7\u00e3o do&hellip; <\/p>\n","protected":false},"author":2,"featured_media":46282,"comment_status":"closed","ping_status":"closed","sticky":false,"template":"","format":"standard","meta":{"sfsi_plus_gutenberg_text_before_share":"","sfsi_plus_gutenberg_show_text_before_share":"","sfsi_plus_gutenberg_icon_type":"","sfsi_plus_gutenberg_icon_alignemt":"","sfsi_plus_gutenburg_max_per_row":"","footnotes":""},"categories":[16],"tags":[],"class_list":["post-46279","post","type-post","status-publish","format-standard","has-post-thumbnail","hentry","category-saude"],"_links":{"self":[{"href":"https:\/\/www.caririemacao.com\/1\/wp-json\/wp\/v2\/posts\/46279","targetHints":{"allow":["GET"]}}],"collection":[{"href":"https:\/\/www.caririemacao.com\/1\/wp-json\/wp\/v2\/posts"}],"about":[{"href":"https:\/\/www.caririemacao.com\/1\/wp-json\/wp\/v2\/types\/post"}],"author":[{"embeddable":true,"href":"https:\/\/www.caririemacao.com\/1\/wp-json\/wp\/v2\/users\/2"}],"replies":[{"embeddable":true,"href":"https:\/\/www.caririemacao.com\/1\/wp-json\/wp\/v2\/comments?post=46279"}],"version-history":[{"count":0,"href":"https:\/\/www.caririemacao.com\/1\/wp-json\/wp\/v2\/posts\/46279\/revisions"}],"wp:featuredmedia":[{"embeddable":true,"href":"https:\/\/www.caririemacao.com\/1\/wp-json\/wp\/v2\/media\/46282"}],"wp:attachment":[{"href":"https:\/\/www.caririemacao.com\/1\/wp-json\/wp\/v2\/media?parent=46279"}],"wp:term":[{"taxonomy":"category","embeddable":true,"href":"https:\/\/www.caririemacao.com\/1\/wp-json\/wp\/v2\/categories?post=46279"},{"taxonomy":"post_tag","embeddable":true,"href":"https:\/\/www.caririemacao.com\/1\/wp-json\/wp\/v2\/tags?post=46279"}],"curies":[{"name":"wp","href":"https:\/\/api.w.org\/{rel}","templated":true}]}}