{"id":46284,"date":"2018-04-03T09:11:59","date_gmt":"2018-04-03T12:11:59","guid":{"rendered":"http:\/\/caririemacao.com\/1\/?p=46284"},"modified":"2018-04-03T09:11:59","modified_gmt":"2018-04-03T12:11:59","slug":"nomeacao-de-novos-titulares-da-caixa-saude-e-transportes-e-publicada","status":"publish","type":"post","link":"https:\/\/www.caririemacao.com\/1\/2018\/04\/03\/nomeacao-de-novos-titulares-da-caixa-saude-e-transportes-e-publicada\/","title":{"rendered":"Nomea\u00e7\u00e3o de novos titulares da Caixa, Sa\u00fade e Transportes \u00e9 publicada"},"content":{"rendered":"<p>As mudan\u00e7as anunciadas no in\u00edcio da semana pelo presidente Michel Temer na Esplanada dos Minist\u00e9rios foram publicadas na \u00faltima segunda-feira (2), no Di\u00e1rio Oficial da Uni\u00e3o (DOU), em edi\u00e7\u00e3o extraordin\u00e1ria. Os novos titulares assumiram os cargos na segunda.<\/p>\n<p>O documento traz a nomea\u00e7\u00e3o de Nelson Ant\u00f4nio de Souza para exercer o cargo de presidente da Caixa Econ\u00f4mica Federal, em substitui\u00e7\u00e3o a Gilberto Occhi, nomeado ministro da Sa\u00fade, e a do ex-diretor do Departamento Nacional de Infraestrutura Transportes (DNIT) Valter Casimiro como ministro dos Transportes, Portos e Avia\u00e7\u00e3o Civil. Occhi assume a Sa\u00fade no lugar de Ricardo Barros e Casimiro, no lugar de Maur\u00edcio Quintella.<\/p>\n<p>As mudan\u00e7as fazem parte da reforma ministerial que ocorre por causa das elei\u00e7\u00f5es deste ano. Segundo o governo, 14 pastas devem atingidas pela reforma. Os ocupantes de cargos p\u00fablicos t\u00eam at\u00e9 7 de abril para se desincompatibilizar se quiserem concorrer no pleito de outubro.<\/p>\n<p><strong>CARIRI EM A\u00c7\u00c3O<\/strong><\/p>\n<p><em>Com Politica ao Minuto<\/em><em>\/Foto: Ag\u00eancia Brasil<\/em><\/p>\n<p><strong>Leia mais not\u00edcias em\u00a0<a href=\"http:\/\/www.caririemacao.com\/\">caririemacao.com<\/a>, siga nossa p\u00e1gina no\u00a0<a href=\"https:\/\/www.facebook.com\/CaririEmAcao\/?ref=aymt_homepage_panel\">Facebook<\/a>,\u00a0<a href=\"https:\/\/www.instagram.com\/cariri_em_acao\/?hl=pt-br\">Instagram<\/a>\u00a0e\u00a0<a href=\"https:\/\/www.youtube.com\/channel\/UCAptA0jQuYQy8vMhLt2m4qg\">Youtube<\/a>\u00a0e veja nossas mat\u00e9rias, v\u00eddeos e fotos. Voc\u00ea tamb\u00e9m pode enviar informa\u00e7\u00f5es \u00e0 Reda\u00e7\u00e3o do Portal Cariri em A\u00e7\u00e3o pelo WhatsApp (83) 9 9634.5791, (83) 9 9601-1162.<\/strong><\/p>\n","protected":false},"excerpt":{"rendered":"<p>As mudan\u00e7as anunciadas no in\u00edcio da semana pelo presidente Michel Temer na Esplanada dos Minist\u00e9rios foram publicadas na \u00faltima segunda-feira (2), no Di\u00e1rio Oficial da&hellip; <\/p>\n","protected":false},"author":2,"featured_media":46285,"comment_status":"closed","ping_status":"closed","sticky":false,"template":"","format":"standard","meta":{"sfsi_plus_gutenberg_text_before_share":"","sfsi_plus_gutenberg_show_text_before_share":"","sfsi_plus_gutenberg_icon_type":"","sfsi_plus_gutenberg_icon_alignemt":"","sfsi_plus_gutenburg_max_per_row":"","footnotes":""},"categories":[11],"tags":[],"class_list":["post-46284","post","type-post","status-publish","format-standard","has-post-thumbnail","hentry","category-politica"],"_links":{"self":[{"href":"https:\/\/www.caririemacao.com\/1\/wp-json\/wp\/v2\/posts\/46284","targetHints":{"allow":["GET"]}}],"collection":[{"href":"https:\/\/www.caririemacao.com\/1\/wp-json\/wp\/v2\/posts"}],"about":[{"href":"https:\/\/www.caririemacao.com\/1\/wp-json\/wp\/v2\/types\/post"}],"author":[{"embeddable":true,"href":"https:\/\/www.caririemacao.com\/1\/wp-json\/wp\/v2\/users\/2"}],"replies":[{"embeddable":true,"href":"https:\/\/www.caririemacao.com\/1\/wp-json\/wp\/v2\/comments?post=46284"}],"version-history":[{"count":0,"href":"https:\/\/www.caririemacao.com\/1\/wp-json\/wp\/v2\/posts\/46284\/revisions"}],"wp:featuredmedia":[{"embeddable":true,"href":"https:\/\/www.caririemacao.com\/1\/wp-json\/wp\/v2\/media\/46285"}],"wp:attachment":[{"href":"https:\/\/www.caririemacao.com\/1\/wp-json\/wp\/v2\/media?parent=46284"}],"wp:term":[{"taxonomy":"category","embeddable":true,"href":"https:\/\/www.caririemacao.com\/1\/wp-json\/wp\/v2\/categories?post=46284"},{"taxonomy":"post_tag","embeddable":true,"href":"https:\/\/www.caririemacao.com\/1\/wp-json\/wp\/v2\/tags?post=46284"}],"curies":[{"name":"wp","href":"https:\/\/api.w.org\/{rel}","templated":true}]}}