{"id":46287,"date":"2018-04-03T09:16:55","date_gmt":"2018-04-03T12:16:55","guid":{"rendered":"http:\/\/caririemacao.com\/1\/?p=46287"},"modified":"2018-04-03T09:16:55","modified_gmt":"2018-04-03T12:16:55","slug":"mais-de-125-mil-pessoas-ja-pediram-isencao-da-taxa-de-inscricao-no-enem","status":"publish","type":"post","link":"https:\/\/www.caririemacao.com\/1\/2018\/04\/03\/mais-de-125-mil-pessoas-ja-pediram-isencao-da-taxa-de-inscricao-no-enem\/","title":{"rendered":"Mais de 125 mil pessoas j\u00e1 pediram isen\u00e7\u00e3o da taxa de inscri\u00e7\u00e3o no Enem"},"content":{"rendered":"<p>At\u00e9 as 19h30 de ontem (2), 125.766 mil pessoas apresentaram requerimentos de isen\u00e7\u00e3o na taxa de inscri\u00e7\u00e3o do Exame Nacional do Ensino M\u00e9dio (Enem) deste ano. Outros 6.781 candidatos acessaram o sistema para justificar a aus\u00eancia no Enem do ano passado e assim garantir a gratuidade neste ano. O sistema para pedir a isen\u00e7\u00e3o e justificar a aus\u00eancia foi aberto \u00e0s 10h desta segunda-feira.<\/p>\n<p>Neste ano, pela primeira vez o pedido de isen\u00e7\u00e3o da taxa de inscri\u00e7\u00e3o ser\u00e1 feito antes do per\u00edodo de inscri\u00e7\u00e3o. At\u00e9 o ano passado, os dois atos eram simult\u00e2neos. Tamb\u00e9m pela primeira vez os candidatos que tiveram a isen\u00e7\u00e3o no ano passado e faltaram aos dois dias de prova ter\u00e3o de justificar a aus\u00eancia para ter a gratuidade novamente.<\/p>\n<p>Tanto o pedido de isen\u00e7\u00e3o quanto a justificativa de aus\u00eancia devem ser feitas na\u00a0P\u00e1gina do Enem\u00a02018. Todos os interessados em fazer o Enem 2018, isentos ou n\u00e3o, dever\u00e3o fazer a inscri\u00e7\u00e3o entre 7 e 18 de maio.<\/p>\n<div class=\"know_more\">\n<p>&nbsp;<\/p>\n<\/div>\n<p>O resultado da solicita\u00e7\u00e3o de isen\u00e7\u00e3o ser\u00e1 divulgado no dia 23 de abril. Caso o pedido seja negado, a partir deste mesmo dia e at\u00e9 o dia 29 de abril o interessado poder\u00e1 apresentar novos documentos. O resultado do recurso ser\u00e1 divulgado no dia 5 de maio e, se for negado, o interessado ainda ter\u00e1 a op\u00e7\u00e3o de fazer a inscri\u00e7\u00e3o e pagar a taxa de R$ 82.<\/p>\n<p><strong>Isen\u00e7\u00e3o<\/strong><\/p>\n<p>Ser\u00e3o isentos os estudantes que estejam cursando a \u00faltima s\u00e9rie do ensino m\u00e9dio neste ano em escola da rede p\u00fablica, que tenha cursado todo o ensino m\u00e9dio em escola da rede p\u00fablica ou como bolsista integral na rede privada e tenha renda\u00a0<em>per capita<\/em>\u00a0igual ou inferior a um sal\u00e1rio m\u00ednimo e meio.<\/p>\n<p>Tamb\u00e9m poder\u00e1 ficar isendo o participante que declarar situa\u00e7\u00e3o de vulnerabilidade socioecon\u00f4mica, por ser membro de fam\u00edlia de baixa renda e que esteja inscrito no Cadastro \u00danico para Programas Sociais do Governo Federal (Cad\u00danico).<\/p>\n<p>Neste ano, tamb\u00e9m s\u00e3o isentos os participantes do Exame Nacional para Certifica\u00e7\u00e3o de Compet\u00eancias de Jovens e Adultos (Encceja) do ano passado, que tenham atingido a nota m\u00ednima do exame.<\/p>\n<p><strong>CARIRI EM A\u00c7\u00c3O<\/strong><\/p>\n<p><em>Com Ag\u00eancia Brasil\/Foto: Reprodu\u00e7\u00e3o Internet<\/em><\/p>\n<p><strong>Leia mais not\u00edcias em\u00a0<\/strong><a href=\"http:\/\/www.caririemacao.com\/\"><strong>caririemacao.com<\/strong><\/a><strong>, siga nossa p\u00e1gina no\u00a0<\/strong><a href=\"https:\/\/www.facebook.com\/CaririEmAcao\/?ref=aymt_homepage_panel\"><strong>Facebook<\/strong><\/a>,<strong>\u00a0<\/strong><a href=\"https:\/\/www.instagram.com\/cariri_em_acao\/?hl=pt-br\"><strong>Instagram<\/strong><\/a><strong>\u00a0e\u00a0<\/strong><a href=\"https:\/\/www.youtube.com\/channel\/UCAptA0jQuYQy8vMhLt2m4qg\"><strong>Youtube<\/strong><\/a><strong>\u00a0e veja nossas mat\u00e9rias, v\u00eddeos e fotos. Voc\u00ea tamb\u00e9m pode enviar informa\u00e7\u00f5es \u00e0 Reda\u00e7\u00e3o do Portal Cariri em A\u00e7\u00e3o pelo WhatsApp (83) 9 9634.5791, (83) 9 9601-1162.<\/strong><\/p>\n","protected":false},"excerpt":{"rendered":"<p>At\u00e9 as 19h30 de ontem (2), 125.766 mil pessoas apresentaram requerimentos de isen\u00e7\u00e3o na taxa de inscri\u00e7\u00e3o do Exame Nacional do Ensino M\u00e9dio (Enem) deste&hellip; <\/p>\n","protected":false},"author":2,"featured_media":46288,"comment_status":"closed","ping_status":"closed","sticky":false,"template":"","format":"standard","meta":{"sfsi_plus_gutenberg_text_before_share":"","sfsi_plus_gutenberg_show_text_before_share":"","sfsi_plus_gutenberg_icon_type":"","sfsi_plus_gutenberg_icon_alignemt":"","sfsi_plus_gutenburg_max_per_row":"","footnotes":""},"categories":[2],"tags":[],"class_list":["post-46287","post","type-post","status-publish","format-standard","has-post-thumbnail","hentry","category-geral"],"_links":{"self":[{"href":"https:\/\/www.caririemacao.com\/1\/wp-json\/wp\/v2\/posts\/46287","targetHints":{"allow":["GET"]}}],"collection":[{"href":"https:\/\/www.caririemacao.com\/1\/wp-json\/wp\/v2\/posts"}],"about":[{"href":"https:\/\/www.caririemacao.com\/1\/wp-json\/wp\/v2\/types\/post"}],"author":[{"embeddable":true,"href":"https:\/\/www.caririemacao.com\/1\/wp-json\/wp\/v2\/users\/2"}],"replies":[{"embeddable":true,"href":"https:\/\/www.caririemacao.com\/1\/wp-json\/wp\/v2\/comments?post=46287"}],"version-history":[{"count":0,"href":"https:\/\/www.caririemacao.com\/1\/wp-json\/wp\/v2\/posts\/46287\/revisions"}],"wp:featuredmedia":[{"embeddable":true,"href":"https:\/\/www.caririemacao.com\/1\/wp-json\/wp\/v2\/media\/46288"}],"wp:attachment":[{"href":"https:\/\/www.caririemacao.com\/1\/wp-json\/wp\/v2\/media?parent=46287"}],"wp:term":[{"taxonomy":"category","embeddable":true,"href":"https:\/\/www.caririemacao.com\/1\/wp-json\/wp\/v2\/categories?post=46287"},{"taxonomy":"post_tag","embeddable":true,"href":"https:\/\/www.caririemacao.com\/1\/wp-json\/wp\/v2\/tags?post=46287"}],"curies":[{"name":"wp","href":"https:\/\/api.w.org\/{rel}","templated":true}]}}