{"id":46292,"date":"2018-04-03T09:32:21","date_gmt":"2018-04-03T12:32:21","guid":{"rendered":"http:\/\/caririemacao.com\/1\/?p=46292"},"modified":"2018-04-03T09:37:44","modified_gmt":"2018-04-03T12:37:44","slug":"governo-da-paraiba-decreta-situacao-de-emergencia-em-196-municipios-afetados-pela-seca","status":"publish","type":"post","link":"https:\/\/www.caririemacao.com\/1\/2018\/04\/03\/governo-da-paraiba-decreta-situacao-de-emergencia-em-196-municipios-afetados-pela-seca\/","title":{"rendered":"Governo da Para\u00edba decreta situa\u00e7\u00e3o de emerg\u00eancia em 196 munic\u00edpios afetados pela seca"},"content":{"rendered":"<div class=\"mc-column content-text active-extra-styles active-capital-letter\" data-block-type=\"unstyled\" data-block-weight=\"30\" data-block-id=\"2\">\n<p class=\"content-text__container theme-color-primary-first-letter\" data-track-category=\"Link no Texto\" data-track-links=\"\">O Governo da Para\u00edba publicou no Di\u00e1rio Oficial desta ter\u00e7a-feira (3) um decreto de situa\u00e7\u00e3o de emerg\u00eancia pelo per\u00edodo de 180 dias, em 196 munic\u00edpios do estado afetados pela seca.<\/p>\n<\/div>\n<div class=\"mc-column content-text active-extra-styles \" data-block-type=\"unstyled\" data-block-weight=\"13\" data-block-id=\"3\">\n<p class=\"content-text__container \" data-track-category=\"Link no Texto\" data-track-links=\"\"><a href=\"http:\/\/static.paraiba.pb.gov.br\/2018\/04\/Diario-Oficial-03-04-2018.pdf\" target=\"_blank\" rel=\"noopener\">Confira a lista dos 196 munic\u00edpios considerados como situa\u00e7\u00e3o de emerg\u00eancia na Para\u00edba.<\/a><\/p>\n<\/div>\n<div class=\"mc-column content-text active-extra-styles \" data-block-type=\"unstyled\" data-block-weight=\"55\" data-block-id=\"4\">\n<p class=\"content-text__container \" data-track-category=\"Link no Texto\" data-track-links=\"\">De acordo com o decreto, o objetivo da medida \u00e9 buscar solu\u00e7\u00f5es para minimizar os efeitos caudados nas \u00e1reas dos munic\u00edpios afetados pela estiagem. O texto do decreto diz que \u00e9 necess\u00e1rio a a\u00e7\u00e3o do poder p\u00fablico, j\u00e1 que que as chuvas n\u00e3o foram suficientes para a recarga dos manciais de minic\u00edpois afetados pela estiagem.<\/p>\n<\/div>\n<div data-track-category=\"fim do conteudo\" data-track-action=\"ultimo chunk conteudo\" data-track-noninteraction=\"false\" data-track-scroll=\"entrada completa viewport\">\n<div class=\"mc-column content-text active-extra-styles \" data-block-type=\"unstyled\" data-block-weight=\"27\" data-block-id=\"5\">\n<p class=\"content-text__container \" data-track-category=\"Link no Texto\" data-track-links=\"\">Segundo o governo, a estiagem prolongada tem gerado preju\u00edzos importantes e significativos \u00e0s atividades produtivas no Estado da Para\u00edba, principalmente a agricultura e pecu\u00e1ria dos munic\u00edpios afetados.<\/p>\n<p><strong>CARIRI EM A\u00c7\u00c3O<\/strong><\/p>\n<p><em>Com G1<\/em><em>\/Foto: G1<\/em><\/p>\n<p><strong>Leia mais not\u00edcias em\u00a0<a href=\"http:\/\/www.caririemacao.com\/\">caririemacao.com<\/a>, siga nossa p\u00e1gina no\u00a0<a href=\"https:\/\/www.facebook.com\/CaririEmAcao\/?ref=aymt_homepage_panel\">Facebook<\/a>,\u00a0<a href=\"https:\/\/www.instagram.com\/cariri_em_acao\/?hl=pt-br\">Instagram<\/a>\u00a0e\u00a0<a href=\"https:\/\/www.youtube.com\/channel\/UCAptA0jQuYQy8vMhLt2m4qg\">Youtube<\/a>\u00a0e veja nossas mat\u00e9rias, v\u00eddeos e fotos. Voc\u00ea tamb\u00e9m pode enviar informa\u00e7\u00f5es \u00e0 Reda\u00e7\u00e3o do Portal Cariri em A\u00e7\u00e3o pelo WhatsApp (83) 9 9634.5791, (83) 9 9601-1162.<\/strong><\/p>\n<\/div>\n<\/div>\n","protected":false},"excerpt":{"rendered":"<p>O Governo da Para\u00edba publicou no Di\u00e1rio Oficial desta ter\u00e7a-feira (3) um decreto de situa\u00e7\u00e3o de emerg\u00eancia pelo per\u00edodo de 180 dias, em 196 munic\u00edpios&hellip; <\/p>\n","protected":false},"author":2,"featured_media":46293,"comment_status":"closed","ping_status":"closed","sticky":false,"template":"","format":"standard","meta":{"sfsi_plus_gutenberg_text_before_share":"","sfsi_plus_gutenberg_show_text_before_share":"","sfsi_plus_gutenberg_icon_type":"","sfsi_plus_gutenberg_icon_alignemt":"","sfsi_plus_gutenburg_max_per_row":"","footnotes":""},"categories":[2],"tags":[],"class_list":["post-46292","post","type-post","status-publish","format-standard","has-post-thumbnail","hentry","category-geral"],"_links":{"self":[{"href":"https:\/\/www.caririemacao.com\/1\/wp-json\/wp\/v2\/posts\/46292","targetHints":{"allow":["GET"]}}],"collection":[{"href":"https:\/\/www.caririemacao.com\/1\/wp-json\/wp\/v2\/posts"}],"about":[{"href":"https:\/\/www.caririemacao.com\/1\/wp-json\/wp\/v2\/types\/post"}],"author":[{"embeddable":true,"href":"https:\/\/www.caririemacao.com\/1\/wp-json\/wp\/v2\/users\/2"}],"replies":[{"embeddable":true,"href":"https:\/\/www.caririemacao.com\/1\/wp-json\/wp\/v2\/comments?post=46292"}],"version-history":[{"count":0,"href":"https:\/\/www.caririemacao.com\/1\/wp-json\/wp\/v2\/posts\/46292\/revisions"}],"wp:featuredmedia":[{"embeddable":true,"href":"https:\/\/www.caririemacao.com\/1\/wp-json\/wp\/v2\/media\/46293"}],"wp:attachment":[{"href":"https:\/\/www.caririemacao.com\/1\/wp-json\/wp\/v2\/media?parent=46292"}],"wp:term":[{"taxonomy":"category","embeddable":true,"href":"https:\/\/www.caririemacao.com\/1\/wp-json\/wp\/v2\/categories?post=46292"},{"taxonomy":"post_tag","embeddable":true,"href":"https:\/\/www.caririemacao.com\/1\/wp-json\/wp\/v2\/tags?post=46292"}],"curies":[{"name":"wp","href":"https:\/\/api.w.org\/{rel}","templated":true}]}}