{"id":46295,"date":"2018-04-03T09:36:00","date_gmt":"2018-04-03T12:36:00","guid":{"rendered":"http:\/\/caririemacao.com\/1\/?p=46295"},"modified":"2018-04-03T09:36:00","modified_gmt":"2018-04-03T12:36:00","slug":"esposa-do-prefeito-de-cabedelo-e-mais-quatro-vereadores-estao-entre-presos-pela-pf","status":"publish","type":"post","link":"https:\/\/www.caririemacao.com\/1\/2018\/04\/03\/esposa-do-prefeito-de-cabedelo-e-mais-quatro-vereadores-estao-entre-presos-pela-pf\/","title":{"rendered":"Esposa do prefeito de Cabedelo e mais quatro vereadores est\u00e3o entre presos pela PF"},"content":{"rendered":"<p>A esposa do prefeito de Cabedelo, a primeira dama Jacqueline Monteiro (PRP) est\u00e1 entre os vereadores presos na opera\u00e7\u00e3o Xeque-Mate da Pol\u00edcia Federal. Jacquline foi a vereadora mais votada no munic\u00edpio nas \u00faltimas elei\u00e7\u00f5es. A repercuss\u00e3o do caso ganhou dimens\u00e3o nacional e est\u00e1 sendo classificado como esc\u00e2ndalo da c\u00fapula politica da regi\u00e3o metropolitana de Jo\u00e3o Pessoa, por causa da pris\u00e3o do prefeito Leto Viana (PRP) e do vice-prefeito.<\/p>\n<p>Os outros quatro vereadores presos no inicio desta manh\u00e3, o Presidente da C\u00e2mara Municipal de Cabedelo L\u00facio Jos\u00e9 (PRP) e os vereadores T\u00e9rcio Dornelas (PSL), J\u00fanior Datelle (PEN) e Ant\u00f4nio do Vale (PRP), todos conduzidos coercitivamente para a sede da Pol\u00edcia Federal para prestar esclarecimentos.<\/p>\n<p>De acordo com a Pol\u00edcia Feral que realizou a opera\u00e7\u00e3o em conjunto com o Minist\u00e9rio P\u00fablico foram realizadas 11 pris\u00f5es tempor\u00e1rias por crimes contra a administra\u00e7\u00e3o p\u00fablica, 15 bloqueio de im\u00f3veis e 36 mandados de busca e apreens\u00e3o.<\/p>\n<p><strong>CARIRI EM A\u00c7\u00c3O<\/strong><\/p>\n<p><em>Com Para\u00edba Debate<\/em><em>\/Foto: Reprodu\u00e7\u00e3o google<\/em><\/p>\n<p><em>L<\/em><strong>eia mais not\u00edcias em\u00a0<a href=\"http:\/\/www.caririemacao.com\/\">caririemacao.com<\/a>, siga nossa p\u00e1gina no\u00a0<a href=\"https:\/\/www.facebook.com\/CaririEmAcao\/?ref=aymt_homepage_panel\">Facebook<\/a>,\u00a0<a href=\"https:\/\/www.instagram.com\/cariri_em_acao\/?hl=pt-br\">Instagram<\/a>\u00a0e\u00a0<a href=\"https:\/\/www.youtube.com\/channel\/UCAptA0jQuYQy8vMhLt2m4qg\">Youtube<\/a>\u00a0e veja nossas mat\u00e9rias, v\u00eddeos e fotos. Voc\u00ea tamb\u00e9m pode enviar informa\u00e7\u00f5es \u00e0 Reda\u00e7\u00e3o do Portal Cariri em A\u00e7\u00e3o pelo WhatsApp (83) 9 9634.5791, (83) 9 9601-1162,<\/strong><\/p>\n","protected":false},"excerpt":{"rendered":"<p>A esposa do prefeito de Cabedelo, a primeira dama Jacqueline Monteiro (PRP) est\u00e1 entre os vereadores presos na opera\u00e7\u00e3o Xeque-Mate da Pol\u00edcia Federal. Jacquline foi&hellip; <\/p>\n","protected":false},"author":2,"featured_media":33489,"comment_status":"closed","ping_status":"closed","sticky":false,"template":"","format":"standard","meta":{"sfsi_plus_gutenberg_text_before_share":"","sfsi_plus_gutenberg_show_text_before_share":"","sfsi_plus_gutenberg_icon_type":"","sfsi_plus_gutenberg_icon_alignemt":"","sfsi_plus_gutenburg_max_per_row":"","footnotes":""},"categories":[11],"tags":[],"class_list":["post-46295","post","type-post","status-publish","format-standard","has-post-thumbnail","hentry","category-politica"],"_links":{"self":[{"href":"https:\/\/www.caririemacao.com\/1\/wp-json\/wp\/v2\/posts\/46295","targetHints":{"allow":["GET"]}}],"collection":[{"href":"https:\/\/www.caririemacao.com\/1\/wp-json\/wp\/v2\/posts"}],"about":[{"href":"https:\/\/www.caririemacao.com\/1\/wp-json\/wp\/v2\/types\/post"}],"author":[{"embeddable":true,"href":"https:\/\/www.caririemacao.com\/1\/wp-json\/wp\/v2\/users\/2"}],"replies":[{"embeddable":true,"href":"https:\/\/www.caririemacao.com\/1\/wp-json\/wp\/v2\/comments?post=46295"}],"version-history":[{"count":0,"href":"https:\/\/www.caririemacao.com\/1\/wp-json\/wp\/v2\/posts\/46295\/revisions"}],"wp:featuredmedia":[{"embeddable":true,"href":"https:\/\/www.caririemacao.com\/1\/wp-json\/wp\/v2\/media\/33489"}],"wp:attachment":[{"href":"https:\/\/www.caririemacao.com\/1\/wp-json\/wp\/v2\/media?parent=46295"}],"wp:term":[{"taxonomy":"category","embeddable":true,"href":"https:\/\/www.caririemacao.com\/1\/wp-json\/wp\/v2\/categories?post=46295"},{"taxonomy":"post_tag","embeddable":true,"href":"https:\/\/www.caririemacao.com\/1\/wp-json\/wp\/v2\/tags?post=46295"}],"curies":[{"name":"wp","href":"https:\/\/api.w.org\/{rel}","templated":true}]}}