{"id":46305,"date":"2018-04-03T11:44:58","date_gmt":"2018-04-03T14:44:58","guid":{"rendered":"http:\/\/caririemacao.com\/1\/?p=46305"},"modified":"2018-04-03T11:44:58","modified_gmt":"2018-04-03T14:44:58","slug":"prefeitura-de-sume-lanca-projeto-de-incentivo-a-leitura-e-cd-com-o-hino-do-municipio","status":"publish","type":"post","link":"https:\/\/www.caririemacao.com\/1\/2018\/04\/03\/prefeitura-de-sume-lanca-projeto-de-incentivo-a-leitura-e-cd-com-o-hino-do-municipio\/","title":{"rendered":"Prefeitura de Sum\u00e9 lan\u00e7a projeto de incentivo \u00e0 leitura e CD com o Hino do Munic\u00edpio"},"content":{"rendered":"<p>No \u00faltimo domingo, 1\u00b0 de abril, a Prefeitura de Sum\u00e9 comemorou 67 anos de emancipa\u00e7\u00e3o pol\u00edtica.<\/p>\n<p>Na programa\u00e7\u00e3o constaram torneios de basquete e futebol, corrida de rua, projetos culturais, shows musicais, entrega da reforma da Escola Maria Leite Rafael e o lan\u00e7amento de dois importantes projetos idealizados pela gest\u00e3o municipal que foram o lan\u00e7amento com a grava\u00e7\u00e3o oficial do Hino de Sum\u00e9 e a implanta\u00e7\u00e3o do Projeto Casinha da Leitura.<\/p>\n<p>O Hino do Munic\u00edpio, criado pela Lei Municipal n\u00b0 465, de 30 de novembro de 1985, com letra de Maria do Socorro Silva, m\u00fasica do maestro Ant\u00f4nio Bezerra da Silva e arranjo do maestro Nunes, foi agora gravado em est\u00fadio com a edi\u00e7\u00e3o e o acompanhamento do maestro Diego Bruno de Souza, atual maestro da Filarm\u00f4nica Municipal Ant\u00f4nio Josu\u00e9 de Lima.<\/p>\n<p><a href=\"http:\/\/caririemacao.com\/1\/?attachment_id=46306\" rel=\"attachment wp-att-46306\"><img fetchpriority=\"high\" decoding=\"async\" class=\"aligncenter size-full wp-image-46306\" src=\"http:\/\/caririemacao.com\/1\/wp-content\/uploads\/2018\/04\/thumbnail_IMG_5264.jpg\" alt=\"\" width=\"1024\" height=\"683\" srcset=\"https:\/\/www.caririemacao.com\/1\/wp-content\/uploads\/2018\/04\/thumbnail_IMG_5264.jpg 1024w, https:\/\/www.caririemacao.com\/1\/wp-content\/uploads\/2018\/04\/thumbnail_IMG_5264-300x200.jpg 300w, https:\/\/www.caririemacao.com\/1\/wp-content\/uploads\/2018\/04\/thumbnail_IMG_5264-768x512.jpg 768w\" sizes=\"(max-width: 1024px) 100vw, 1024px\" \/><\/a><\/p>\n<p>O CD conta com duas faixas, uma vers\u00e3o instrumental, tocada pela Filarm\u00f4nica Municipal e a outra com coro nas vozes dos cantores J\u00e9ssica Vieira, Emerson Sousa, S\u00e9rgio Murilo e Klerianne Rafael.<\/p>\n<p>O lan\u00e7amento do CD aconteceu na noite do \u00faltimo domingo na Pra\u00e7a Jos\u00e9 Am\u00e9rico, assim como o projeto \u201cCasinha da Leitura\u201d, uma esp\u00e9cie de biblioteca de rua, idealizada pelo prefeito \u00c9den e posta em pr\u00e1tica pelo secret\u00e1rio de Finan\u00e7as Miguel Rob\u00e9rio e pela Secretaria Municipal de Educa\u00e7\u00e3o.<\/p>\n<p>A Casinha foi instalada na Pra\u00e7a Jos\u00e9 Am\u00e9rico e nela ficar\u00e3o disponibilizados livros para leitura. As pessoas podem escolher um livro que esteja dispon\u00edvel no local, levar para casa para fazer a sua leitura e depois devolv\u00ea-lo. Os livros s\u00e3o provenientes de doa\u00e7\u00f5es da popula\u00e7\u00e3o. Qualquer pessoa pode doar um livro para o projeto. No verso da capa de cada livro constar\u00e1 um carimbo com o nome do doador.<\/p>\n<p>Nesse momento de implanta\u00e7\u00e3o, a Prefeitura recebeu doa\u00e7\u00f5es de livros do prefeito \u00c9den, do escritor Sonielson Juvino, de Juarez Gouveia, Antonita Raphael, Tarc\u00edsio Fagundes, das crian\u00e7as Maria Luiza Calu\u00eate e Bento Melo. Tamb\u00e9m contaram com o patroc\u00ednio da Cariri Web e da empresa Saile.<\/p>\n<p>\u00c9 objetivo da Prefeitura ampliar o projeto para outros pontos da cidade. Cada casinha instalada ter\u00e1 homenagem a personalidades ligadas \u00e0 Educa\u00e7\u00e3o ou \u00e0 Cultura do munic\u00edpio. A primeira casa leva o nome da professora Estelita Ara\u00fajo.<\/p>\n<p>Uma ficha ficar\u00e1 dispon\u00edvel para os leitores escreverem sua avalia\u00e7\u00e3o sobre o livro que leu e um e-mail foi criado para que tamb\u00e9m possam compartilhar experi\u00eancias e sugest\u00f5es.<\/p>\n<p><strong>CARIRI EM A\u00c7\u00c3O<\/strong><\/p>\n<p>Ascom PMS<em style=\"font-weight: inherit;\">\u00a0<\/em><\/p>\n<p><strong>Leia mais not\u00edcias em\u00a0<\/strong><a style=\"font-style: inherit; font-weight: inherit;\" href=\"http:\/\/www.caririemacao.com\/\"><strong style=\"font-style: inherit;\">caririemacao.com<\/strong><\/a><strong style=\"font-style: inherit;\">, siga nossa p\u00e1gina no\u00a0<\/strong><a style=\"font-style: inherit; font-weight: inherit;\" href=\"https:\/\/www.facebook.com\/CaririEmAcao\/?ref=aymt_homepage_panel\"><strong style=\"font-style: inherit;\">Facebook<\/strong><\/a>,<strong style=\"font-style: inherit;\">\u00a0<\/strong><a style=\"font-style: inherit; font-weight: inherit;\" href=\"https:\/\/www.instagram.com\/cariri_em_acao\/?hl=pt-br\"><strong style=\"font-style: inherit;\">Instagram<\/strong><\/a><strong style=\"font-style: inherit;\">\u00a0e\u00a0<\/strong><a style=\"font-style: inherit; font-weight: inherit;\" href=\"https:\/\/www.youtube.com\/channel\/UCAptA0jQuYQy8vMhLt2m4qg\"><strong style=\"font-style: inherit;\">Youtube<\/strong><\/a><strong style=\"font-style: inherit;\">\u00a0e veja nossas mat\u00e9rias, v\u00eddeos e fotos. Voc\u00ea tamb\u00e9m pode enviar informa\u00e7\u00f5es \u00e0 Reda\u00e7\u00e3o do Portal Cariri em A\u00e7\u00e3o pelo WhatsApp (83) 9 9634.5791, (83) 9 9601-1162.<\/strong><\/p>\n","protected":false},"excerpt":{"rendered":"<p>No \u00faltimo domingo, 1\u00b0 de abril, a Prefeitura de Sum\u00e9 comemorou 67 anos de emancipa\u00e7\u00e3o pol\u00edtica. Na programa\u00e7\u00e3o constaram torneios de basquete e futebol, corrida&hellip; <\/p>\n","protected":false},"author":2,"featured_media":46307,"comment_status":"closed","ping_status":"closed","sticky":false,"template":"","format":"standard","meta":{"sfsi_plus_gutenberg_text_before_share":"","sfsi_plus_gutenberg_show_text_before_share":"","sfsi_plus_gutenberg_icon_type":"","sfsi_plus_gutenberg_icon_alignemt":"","sfsi_plus_gutenburg_max_per_row":"","footnotes":""},"categories":[2],"tags":[],"class_list":["post-46305","post","type-post","status-publish","format-standard","has-post-thumbnail","hentry","category-geral"],"_links":{"self":[{"href":"https:\/\/www.caririemacao.com\/1\/wp-json\/wp\/v2\/posts\/46305","targetHints":{"allow":["GET"]}}],"collection":[{"href":"https:\/\/www.caririemacao.com\/1\/wp-json\/wp\/v2\/posts"}],"about":[{"href":"https:\/\/www.caririemacao.com\/1\/wp-json\/wp\/v2\/types\/post"}],"author":[{"embeddable":true,"href":"https:\/\/www.caririemacao.com\/1\/wp-json\/wp\/v2\/users\/2"}],"replies":[{"embeddable":true,"href":"https:\/\/www.caririemacao.com\/1\/wp-json\/wp\/v2\/comments?post=46305"}],"version-history":[{"count":0,"href":"https:\/\/www.caririemacao.com\/1\/wp-json\/wp\/v2\/posts\/46305\/revisions"}],"wp:featuredmedia":[{"embeddable":true,"href":"https:\/\/www.caririemacao.com\/1\/wp-json\/wp\/v2\/media\/46307"}],"wp:attachment":[{"href":"https:\/\/www.caririemacao.com\/1\/wp-json\/wp\/v2\/media?parent=46305"}],"wp:term":[{"taxonomy":"category","embeddable":true,"href":"https:\/\/www.caririemacao.com\/1\/wp-json\/wp\/v2\/categories?post=46305"},{"taxonomy":"post_tag","embeddable":true,"href":"https:\/\/www.caririemacao.com\/1\/wp-json\/wp\/v2\/tags?post=46305"}],"curies":[{"name":"wp","href":"https:\/\/api.w.org\/{rel}","templated":true}]}}